{"id":48700,"date":"2023-11-07T22:34:51","date_gmt":"2023-11-07T21:34:51","guid":{"rendered":"https:\/\/2023.fim-6days.com\/?p=48700"},"modified":"2023-11-07T22:34:51","modified_gmt":"2023-11-07T21:34:51","slug":"fallece-el-piloto-neerlandes-albert-pos-en-los-isde","status":"publish","type":"post","link":"https:\/\/2023.fim-6days.com\/es\/fallece-el-piloto-neerlandes-albert-pos-en-los-isde\/","title":{"rendered":"Fallece el piloto neerland\u00e9s Albert Pos en los ISDE"},"content":{"rendered":"<p><div class=\"fusion-fullwidth fullwidth-box fusion-builder-row-1 fusion-flex-container nonhundred-percent-fullwidth non-hundred-percent-height-scrolling\" style=\"--awb-border-radius-top-left:0px;--awb-border-radius-top-right:0px;--awb-border-radius-bottom-right:0px;--awb-border-radius-bottom-left:0px;--awb-padding-top:0px;--awb-padding-bottom:0px;--awb-flex-wrap:wrap;\" ><div class=\"fusion-builder-row fusion-row fusion-flex-align-items-flex-start fusion-flex-content-wrap\" style=\"max-width:1248px;margin-left: calc(-4% \/ 2 );margin-right: calc(-4% \/ 2 );\"><div class=\"fusion-layout-column fusion_builder_column fusion-builder-column-0 fusion_builder_column_1_1 1_1 fusion-flex-column\" style=\"--awb-padding-top:0px;--awb-padding-bottom:0px;--awb-bg-size:cover;--awb-width-large:100%;--awb-margin-top-large:0px;--awb-spacing-right-large:1.92%;--awb-margin-bottom-large:0px;--awb-spacing-left-large:1.92%;--awb-width-medium:100%;--awb-order-medium:0;--awb-spacing-right-medium:1.92%;--awb-spacing-left-medium:1.92%;--awb-width-small:100%;--awb-order-small:0;--awb-spacing-right-small:1.92%;--awb-spacing-left-small:1.92%;\"><div class=\"fusion-column-wrapper fusion-column-has-shadow fusion-flex-justify-content-flex-start fusion-content-layout-column\"><div class=\"fusion-text fusion-text-1\" style=\"--awb-text-transform:none;\"><p><strong>Con gran pesar, la FIM puede confirmar la tr\u00e1gica muerte de Albert Pos &#8211; piloto #807 &#8211; de los Pa\u00edses Bajos que participaba en el segundo d\u00eda del FIM International Six Day&#8217;s Enduro (ISDE) 2023 en San Juan, Argentina.<\/strong><\/p>\n<p>Albert era miembro del Club Team Selling\/Bl\u00f6mer\/Pos, compitiendo en la categor\u00eda Club Team Award.<br \/>\nAlbert fue atendido por miembros del equipo m\u00e9dico del evento, pero a pesar de su intervenci\u00f3n no pudieron evitar su posterior fallecimiento.<\/p>\n<p>La FIM, CAMOD (Confederaci\u00f3n Argentina de Motociclismo Deportivo) y el organizador local +Eventos, se unen a toda la comunidad del motociclismo para transmitir sus condolencias a su familia, amigos y KNMV (Federaci\u00f3n Neerlandesa de Motociclismo) en este momento extremadamente dif\u00edcil y triste.<\/p>\n<p>Ma\u00f1ana se realizar\u00e1 un minuto de silencio al inicio del d\u00eda del ISDE en homenaje y recuerdo de Albert.<\/p>\n<\/div><\/div><\/div><\/div><\/div><div class=\"fusion-fullwidth fullwidth-box fusion-builder-row-2 fusion-flex-container has-pattern-background has-mask-background nonhundred-percent-fullwidth non-hundred-percent-height-scrolling\" style=\"--awb-border-radius-top-left:0px;--awb-border-radius-top-right:0px;--awb-border-radius-bottom-right:0px;--awb-border-radius-bottom-left:0px;--awb-flex-wrap:wrap;\" ><div class=\"fusion-builder-row fusion-row fusion-flex-align-items-flex-start fusion-flex-content-wrap\" style=\"max-width:1248px;margin-left: calc(-4% \/ 2 );margin-right: calc(-4% \/ 2 );\"><div class=\"fusion-layout-column fusion_builder_column fusion-builder-column-1 fusion_builder_column_1_1 1_1 fusion-flex-column\" style=\"--awb-bg-size:cover;--awb-width-large:100%;--awb-margin-top-large:0px;--awb-spacing-right-large:1.92%;--awb-margin-bottom-large:20px;--awb-spacing-left-large:1.92%;--awb-width-medium:100%;--awb-order-medium:0;--awb-spacing-right-medium:1.92%;--awb-spacing-left-medium:1.92%;--awb-width-small:100%;--awb-order-small:0;--awb-spacing-right-small:1.92%;--awb-spacing-left-small:1.92%;\"><div class=\"fusion-column-wrapper fusion-column-has-shadow fusion-flex-justify-content-flex-start fusion-content-layout-column\"><div class=\"fusion-separator fusion-full-width-sep\" style=\"align-self: center;margin-left: auto;margin-right: auto;margin-bottom:20px;width:100%;\"><\/div>\n<\/div><\/div><\/div><\/div><\/p>\n","protected":false},"excerpt":{"rendered":"","protected":false},"author":14,"featured_media":48702,"comment_status":"open","ping_status":"open","sticky":false,"template":"","format":"standard","meta":{"inline_featured_image":false,"footnotes":""},"categories":[119,108],"tags":[],"class_list":["post-48700","post","type-post","status-publish","format-standard","has-post-thumbnail","hentry","category-dia-2","category-news-es"],"yoast_head":"<!-- This site is optimized with the Yoast SEO plugin v25.6 - https:\/\/yoast.com\/wordpress\/plugins\/seo\/ -->\n<title>Fallece el piloto neerland\u00e9s Albert Pos en los ISDE - FIM ISDE 2023<\/title>\n<meta name=\"description\" content=\"It is with much regret that the FIM can confirm the tragic death of Albert Pos - rider #807 - from the Netherlands who was participating in the second day of the 2023 FIM International Six Day\u2019s Enduro (ISDE) in San Juan \u2013 Argentina.\" \/>\n<meta name=\"robots\" content=\"index, follow, max-snippet:-1, max-image-preview:large, max-video-preview:-1\" \/>\n<link rel=\"canonical\" href=\"https:\/\/2023.fim-6days.com\/es\/fallece-el-piloto-neerlandes-albert-pos-en-los-isde\/\" \/>\n<meta property=\"og:locale\" content=\"es_ES\" \/>\n<meta property=\"og:type\" content=\"article\" \/>\n<meta property=\"og:title\" content=\"Fallece el piloto neerland\u00e9s Albert Pos en los ISDE - FIM ISDE 2023\" \/>\n<meta property=\"og:description\" content=\"It is with much regret that the FIM can confirm the tragic death of Albert Pos - rider #807 - from the Netherlands who was participating in the second day of the 2023 FIM International Six Day\u2019s Enduro (ISDE) in San Juan \u2013 Argentina.\" \/>\n<meta property=\"og:url\" content=\"https:\/\/2023.fim-6days.com\/es\/fallece-el-piloto-neerlandes-albert-pos-en-los-isde\/\" \/>\n<meta property=\"og:site_name\" content=\"FIM ISDE 2023\" \/>\n<meta property=\"article:publisher\" content=\"https:\/\/www.facebook.com\/FIMISDE\/\" \/>\n<meta property=\"article:published_time\" content=\"2023-11-07T21:34:51+00:00\" \/>\n<meta property=\"og:image\" content=\"https:\/\/2023.fim-6days.com\/wp-content\/uploads\/sites\/8\/2023\/11\/WhatsApp-Image-2023-11-07-at-21.18.18.jpeg\" \/>\n\t<meta property=\"og:image:width\" content=\"1040\" \/>\n\t<meta property=\"og:image:height\" content=\"543\" \/>\n\t<meta property=\"og:image:type\" content=\"image\/jpeg\" \/>\n<meta name=\"author\" content=\"isalen\" \/>\n<meta name=\"twitter:card\" content=\"summary_large_image\" \/>\n<meta name=\"twitter:creator\" content=\"@fimisde\" \/>\n<meta name=\"twitter:site\" content=\"@fimisde\" \/>\n<meta name=\"twitter:label1\" content=\"Escrito por\" \/>\n\t<meta name=\"twitter:data1\" content=\"isalen\" \/>\n\t<meta name=\"twitter:label2\" content=\"Tiempo de lectura\" \/>\n\t<meta name=\"twitter:data2\" content=\"3 minutos\" \/>\n<script type=\"application\/ld+json\" class=\"yoast-schema-graph\">{\"@context\":\"https:\/\/schema.org\",\"@graph\":[{\"@type\":\"Article\",\"@id\":\"https:\/\/2023.fim-6days.com\/es\/fallece-el-piloto-neerlandes-albert-pos-en-los-isde\/#article\",\"isPartOf\":{\"@id\":\"https:\/\/2023.fim-6days.com\/es\/fallece-el-piloto-neerlandes-albert-pos-en-los-isde\/\"},\"author\":{\"name\":\"isalen\",\"@id\":\"https:\/\/2023.fim-6days.com\/#\/schema\/person\/fc80183700e96a22afb3f220ae03b32a\"},\"headline\":\"Fallece el piloto neerland\u00e9s Albert Pos en los ISDE\",\"datePublished\":\"2023-11-07T21:34:51+00:00\",\"mainEntityOfPage\":{\"@id\":\"https:\/\/2023.fim-6days.com\/es\/fallece-el-piloto-neerlandes-albert-pos-en-los-isde\/\"},\"wordCount\":1521,\"commentCount\":0,\"publisher\":{\"@id\":\"https:\/\/2023.fim-6days.com\/#organization\"},\"image\":{\"@id\":\"https:\/\/2023.fim-6days.com\/es\/fallece-el-piloto-neerlandes-albert-pos-en-los-isde\/#primaryimage\"},\"thumbnailUrl\":\"https:\/\/2023.fim-6days.com\/wp-content\/uploads\/sites\/8\/2023\/11\/WhatsApp-Image-2023-11-07-at-21.18.18.jpeg\",\"articleSection\":[\"D\u00eda 2\",\"Noticias\"],\"inLanguage\":\"es\",\"potentialAction\":[{\"@type\":\"CommentAction\",\"name\":\"Comment\",\"target\":[\"https:\/\/2023.fim-6days.com\/es\/fallece-el-piloto-neerlandes-albert-pos-en-los-isde\/#respond\"]}]},{\"@type\":\"WebPage\",\"@id\":\"https:\/\/2023.fim-6days.com\/es\/fallece-el-piloto-neerlandes-albert-pos-en-los-isde\/\",\"url\":\"https:\/\/2023.fim-6days.com\/es\/fallece-el-piloto-neerlandes-albert-pos-en-los-isde\/\",\"name\":\"Fallece el piloto neerland\u00e9s Albert Pos en los ISDE - FIM ISDE 2023\",\"isPartOf\":{\"@id\":\"https:\/\/2023.fim-6days.com\/#website\"},\"primaryImageOfPage\":{\"@id\":\"https:\/\/2023.fim-6days.com\/es\/fallece-el-piloto-neerlandes-albert-pos-en-los-isde\/#primaryimage\"},\"image\":{\"@id\":\"https:\/\/2023.fim-6days.com\/es\/fallece-el-piloto-neerlandes-albert-pos-en-los-isde\/#primaryimage\"},\"thumbnailUrl\":\"https:\/\/2023.fim-6days.com\/wp-content\/uploads\/sites\/8\/2023\/11\/WhatsApp-Image-2023-11-07-at-21.18.18.jpeg\",\"datePublished\":\"2023-11-07T21:34:51+00:00\",\"description\":\"It is with much regret that the FIM can confirm the tragic death of Albert Pos - rider #807 - from the Netherlands who was participating in the second day of the 2023 FIM International Six Day\u2019s Enduro (ISDE) in San Juan \u2013 Argentina.\",\"breadcrumb\":{\"@id\":\"https:\/\/2023.fim-6days.com\/es\/fallece-el-piloto-neerlandes-albert-pos-en-los-isde\/#breadcrumb\"},\"inLanguage\":\"es\",\"potentialAction\":[{\"@type\":\"ReadAction\",\"target\":[\"https:\/\/2023.fim-6days.com\/es\/fallece-el-piloto-neerlandes-albert-pos-en-los-isde\/\"]}]},{\"@type\":\"ImageObject\",\"inLanguage\":\"es\",\"@id\":\"https:\/\/2023.fim-6days.com\/es\/fallece-el-piloto-neerlandes-albert-pos-en-los-isde\/#primaryimage\",\"url\":\"https:\/\/2023.fim-6days.com\/wp-content\/uploads\/sites\/8\/2023\/11\/WhatsApp-Image-2023-11-07-at-21.18.18.jpeg\",\"contentUrl\":\"https:\/\/2023.fim-6days.com\/wp-content\/uploads\/sites\/8\/2023\/11\/WhatsApp-Image-2023-11-07-at-21.18.18.jpeg\",\"width\":1040,\"height\":543},{\"@type\":\"BreadcrumbList\",\"@id\":\"https:\/\/2023.fim-6days.com\/es\/fallece-el-piloto-neerlandes-albert-pos-en-los-isde\/#breadcrumb\",\"itemListElement\":[{\"@type\":\"ListItem\",\"position\":1,\"name\":\"Home\",\"item\":\"https:\/\/2023.fim-6days.com\/es\/\"},{\"@type\":\"ListItem\",\"position\":2,\"name\":\"Fallece el piloto neerland\u00e9s Albert Pos en los ISDE\"}]},{\"@type\":\"WebSite\",\"@id\":\"https:\/\/2023.fim-6days.com\/#website\",\"url\":\"https:\/\/2023.fim-6days.com\/\",\"name\":\"FIM ISDE 2021\",\"description\":\"FIM ISDE Official website\",\"publisher\":{\"@id\":\"https:\/\/2023.fim-6days.com\/#organization\"},\"potentialAction\":[{\"@type\":\"SearchAction\",\"target\":{\"@type\":\"EntryPoint\",\"urlTemplate\":\"https:\/\/2023.fim-6days.com\/?s={search_term_string}\"},\"query-input\":{\"@type\":\"PropertyValueSpecification\",\"valueRequired\":true,\"valueName\":\"search_term_string\"}}],\"inLanguage\":\"es\"},{\"@type\":\"Organization\",\"@id\":\"https:\/\/2023.fim-6days.com\/#organization\",\"name\":\"FIM - F\u00e9d\u00e9ration Internationale de Motocyclisme\",\"url\":\"https:\/\/2023.fim-6days.com\/\",\"logo\":{\"@type\":\"ImageObject\",\"inLanguage\":\"es\",\"@id\":\"https:\/\/2023.fim-6days.com\/#\/schema\/logo\/image\/\",\"url\":\"https:\/\/2023.fim-6days.com\/wp-content\/uploads\/sites\/8\/2019\/07\/LogoFIM-CMYK.png\",\"contentUrl\":\"https:\/\/2023.fim-6days.com\/wp-content\/uploads\/sites\/8\/2019\/07\/LogoFIM-CMYK.png\",\"width\":2608,\"height\":1833,\"caption\":\"FIM - F\u00e9d\u00e9ration Internationale de Motocyclisme\"},\"image\":{\"@id\":\"https:\/\/2023.fim-6days.com\/#\/schema\/logo\/image\/\"},\"sameAs\":[\"https:\/\/www.facebook.com\/FIMISDE\/\",\"https:\/\/x.com\/fimisde\",\"https:\/\/www.instagram.com\/fim_isde\/\"]},{\"@type\":\"Person\",\"@id\":\"https:\/\/2023.fim-6days.com\/#\/schema\/person\/fc80183700e96a22afb3f220ae03b32a\",\"name\":\"isalen\",\"image\":{\"@type\":\"ImageObject\",\"inLanguage\":\"es\",\"@id\":\"https:\/\/2023.fim-6days.com\/#\/schema\/person\/image\/\",\"url\":\"https:\/\/secure.gravatar.com\/avatar\/b498bfa446460353cfcc6e023d9c28e3e84ef3798b7f90c38b5d03254eed1837?s=96&d=mm&r=g\",\"contentUrl\":\"https:\/\/secure.gravatar.com\/avatar\/b498bfa446460353cfcc6e023d9c28e3e84ef3798b7f90c38b5d03254eed1837?s=96&d=mm&r=g\",\"caption\":\"isalen\"},\"url\":\"https:\/\/2023.fim-6days.com\/es\/author\/isalen\/\"}]}<\/script>\n<!-- \/ Yoast SEO plugin. -->","yoast_head_json":{"title":"Fallece el piloto neerland\u00e9s Albert Pos en los ISDE - FIM ISDE 2023","description":"It is with much regret that the FIM can confirm the tragic death of Albert Pos - rider #807 - from the Netherlands who was participating in the second day of the 2023 FIM International Six Day\u2019s Enduro (ISDE) in San Juan \u2013 Argentina.","robots":{"index":"index","follow":"follow","max-snippet":"max-snippet:-1","max-image-preview":"max-image-preview:large","max-video-preview":"max-video-preview:-1"},"canonical":"https:\/\/2023.fim-6days.com\/es\/fallece-el-piloto-neerlandes-albert-pos-en-los-isde\/","og_locale":"es_ES","og_type":"article","og_title":"Fallece el piloto neerland\u00e9s Albert Pos en los ISDE - FIM ISDE 2023","og_description":"It is with much regret that the FIM can confirm the tragic death of Albert Pos - rider #807 - from the Netherlands who was participating in the second day of the 2023 FIM International Six Day\u2019s Enduro (ISDE) in San Juan \u2013 Argentina.","og_url":"https:\/\/2023.fim-6days.com\/es\/fallece-el-piloto-neerlandes-albert-pos-en-los-isde\/","og_site_name":"FIM ISDE 2023","article_publisher":"https:\/\/www.facebook.com\/FIMISDE\/","article_published_time":"2023-11-07T21:34:51+00:00","og_image":[{"width":1040,"height":543,"url":"https:\/\/2023.fim-6days.com\/wp-content\/uploads\/sites\/8\/2023\/11\/WhatsApp-Image-2023-11-07-at-21.18.18.jpeg","type":"image\/jpeg"}],"author":"isalen","twitter_card":"summary_large_image","twitter_creator":"@fimisde","twitter_site":"@fimisde","twitter_misc":{"Escrito por":"isalen","Tiempo de lectura":"3 minutos"},"schema":{"@context":"https:\/\/schema.org","@graph":[{"@type":"Article","@id":"https:\/\/2023.fim-6days.com\/es\/fallece-el-piloto-neerlandes-albert-pos-en-los-isde\/#article","isPartOf":{"@id":"https:\/\/2023.fim-6days.com\/es\/fallece-el-piloto-neerlandes-albert-pos-en-los-isde\/"},"author":{"name":"isalen","@id":"https:\/\/2023.fim-6days.com\/#\/schema\/person\/fc80183700e96a22afb3f220ae03b32a"},"headline":"Fallece el piloto neerland\u00e9s Albert Pos en los ISDE","datePublished":"2023-11-07T21:34:51+00:00","mainEntityOfPage":{"@id":"https:\/\/2023.fim-6days.com\/es\/fallece-el-piloto-neerlandes-albert-pos-en-los-isde\/"},"wordCount":1521,"commentCount":0,"publisher":{"@id":"https:\/\/2023.fim-6days.com\/#organization"},"image":{"@id":"https:\/\/2023.fim-6days.com\/es\/fallece-el-piloto-neerlandes-albert-pos-en-los-isde\/#primaryimage"},"thumbnailUrl":"https:\/\/2023.fim-6days.com\/wp-content\/uploads\/sites\/8\/2023\/11\/WhatsApp-Image-2023-11-07-at-21.18.18.jpeg","articleSection":["D\u00eda 2","Noticias"],"inLanguage":"es","potentialAction":[{"@type":"CommentAction","name":"Comment","target":["https:\/\/2023.fim-6days.com\/es\/fallece-el-piloto-neerlandes-albert-pos-en-los-isde\/#respond"]}]},{"@type":"WebPage","@id":"https:\/\/2023.fim-6days.com\/es\/fallece-el-piloto-neerlandes-albert-pos-en-los-isde\/","url":"https:\/\/2023.fim-6days.com\/es\/fallece-el-piloto-neerlandes-albert-pos-en-los-isde\/","name":"Fallece el piloto neerland\u00e9s Albert Pos en los ISDE - FIM ISDE 2023","isPartOf":{"@id":"https:\/\/2023.fim-6days.com\/#website"},"primaryImageOfPage":{"@id":"https:\/\/2023.fim-6days.com\/es\/fallece-el-piloto-neerlandes-albert-pos-en-los-isde\/#primaryimage"},"image":{"@id":"https:\/\/2023.fim-6days.com\/es\/fallece-el-piloto-neerlandes-albert-pos-en-los-isde\/#primaryimage"},"thumbnailUrl":"https:\/\/2023.fim-6days.com\/wp-content\/uploads\/sites\/8\/2023\/11\/WhatsApp-Image-2023-11-07-at-21.18.18.jpeg","datePublished":"2023-11-07T21:34:51+00:00","description":"It is with much regret that the FIM can confirm the tragic death of Albert Pos - rider #807 - from the Netherlands who was participating in the second day of the 2023 FIM International Six Day\u2019s Enduro (ISDE) in San Juan \u2013 Argentina.","breadcrumb":{"@id":"https:\/\/2023.fim-6days.com\/es\/fallece-el-piloto-neerlandes-albert-pos-en-los-isde\/#breadcrumb"},"inLanguage":"es","potentialAction":[{"@type":"ReadAction","target":["https:\/\/2023.fim-6days.com\/es\/fallece-el-piloto-neerlandes-albert-pos-en-los-isde\/"]}]},{"@type":"ImageObject","inLanguage":"es","@id":"https:\/\/2023.fim-6days.com\/es\/fallece-el-piloto-neerlandes-albert-pos-en-los-isde\/#primaryimage","url":"https:\/\/2023.fim-6days.com\/wp-content\/uploads\/sites\/8\/2023\/11\/WhatsApp-Image-2023-11-07-at-21.18.18.jpeg","contentUrl":"https:\/\/2023.fim-6days.com\/wp-content\/uploads\/sites\/8\/2023\/11\/WhatsApp-Image-2023-11-07-at-21.18.18.jpeg","width":1040,"height":543},{"@type":"BreadcrumbList","@id":"https:\/\/2023.fim-6days.com\/es\/fallece-el-piloto-neerlandes-albert-pos-en-los-isde\/#breadcrumb","itemListElement":[{"@type":"ListItem","position":1,"name":"Home","item":"https:\/\/2023.fim-6days.com\/es\/"},{"@type":"ListItem","position":2,"name":"Fallece el piloto neerland\u00e9s Albert Pos en los ISDE"}]},{"@type":"WebSite","@id":"https:\/\/2023.fim-6days.com\/#website","url":"https:\/\/2023.fim-6days.com\/","name":"FIM ISDE 2021","description":"FIM ISDE Official website","publisher":{"@id":"https:\/\/2023.fim-6days.com\/#organization"},"potentialAction":[{"@type":"SearchAction","target":{"@type":"EntryPoint","urlTemplate":"https:\/\/2023.fim-6days.com\/?s={search_term_string}"},"query-input":{"@type":"PropertyValueSpecification","valueRequired":true,"valueName":"search_term_string"}}],"inLanguage":"es"},{"@type":"Organization","@id":"https:\/\/2023.fim-6days.com\/#organization","name":"FIM - F\u00e9d\u00e9ration Internationale de Motocyclisme","url":"https:\/\/2023.fim-6days.com\/","logo":{"@type":"ImageObject","inLanguage":"es","@id":"https:\/\/2023.fim-6days.com\/#\/schema\/logo\/image\/","url":"https:\/\/2023.fim-6days.com\/wp-content\/uploads\/sites\/8\/2019\/07\/LogoFIM-CMYK.png","contentUrl":"https:\/\/2023.fim-6days.com\/wp-content\/uploads\/sites\/8\/2019\/07\/LogoFIM-CMYK.png","width":2608,"height":1833,"caption":"FIM - F\u00e9d\u00e9ration Internationale de Motocyclisme"},"image":{"@id":"https:\/\/2023.fim-6days.com\/#\/schema\/logo\/image\/"},"sameAs":["https:\/\/www.facebook.com\/FIMISDE\/","https:\/\/x.com\/fimisde","https:\/\/www.instagram.com\/fim_isde\/"]},{"@type":"Person","@id":"https:\/\/2023.fim-6days.com\/#\/schema\/person\/fc80183700e96a22afb3f220ae03b32a","name":"isalen","image":{"@type":"ImageObject","inLanguage":"es","@id":"https:\/\/2023.fim-6days.com\/#\/schema\/person\/image\/","url":"https:\/\/secure.gravatar.com\/avatar\/b498bfa446460353cfcc6e023d9c28e3e84ef3798b7f90c38b5d03254eed1837?s=96&d=mm&r=g","contentUrl":"https:\/\/secure.gravatar.com\/avatar\/b498bfa446460353cfcc6e023d9c28e3e84ef3798b7f90c38b5d03254eed1837?s=96&d=mm&r=g","caption":"isalen"},"url":"https:\/\/2023.fim-6days.com\/es\/author\/isalen\/"}]}},"_links":{"self":[{"href":"https:\/\/2023.fim-6days.com\/es\/wp-json\/wp\/v2\/posts\/48700","targetHints":{"allow":["GET"]}}],"collection":[{"href":"https:\/\/2023.fim-6days.com\/es\/wp-json\/wp\/v2\/posts"}],"about":[{"href":"https:\/\/2023.fim-6days.com\/es\/wp-json\/wp\/v2\/types\/post"}],"author":[{"embeddable":true,"href":"https:\/\/2023.fim-6days.com\/es\/wp-json\/wp\/v2\/users\/14"}],"replies":[{"embeddable":true,"href":"https:\/\/2023.fim-6days.com\/es\/wp-json\/wp\/v2\/comments?post=48700"}],"version-history":[{"count":2,"href":"https:\/\/2023.fim-6days.com\/es\/wp-json\/wp\/v2\/posts\/48700\/revisions"}],"predecessor-version":[{"id":48706,"href":"https:\/\/2023.fim-6days.com\/es\/wp-json\/wp\/v2\/posts\/48700\/revisions\/48706"}],"wp:featuredmedia":[{"embeddable":true,"href":"https:\/\/2023.fim-6days.com\/es\/wp-json\/wp\/v2\/media\/48702"}],"wp:attachment":[{"href":"https:\/\/2023.fim-6days.com\/es\/wp-json\/wp\/v2\/media?parent=48700"}],"wp:term":[{"taxonomy":"category","embeddable":true,"href":"https:\/\/2023.fim-6days.com\/es\/wp-json\/wp\/v2\/categories?post=48700"},{"taxonomy":"post_tag","embeddable":true,"href":"https:\/\/2023.fim-6days.com\/es\/wp-json\/wp\/v2\/tags?post=48700"}],"curies":[{"name":"wp","href":"https:\/\/api.w.org\/{rel}","templated":true}]}}