{"id":48682,"date":"2023-11-08T08:20:02","date_gmt":"2023-11-08T07:20:02","guid":{"rendered":"https:\/\/2023.fim-6days.com\/?p=48682"},"modified":"2023-11-08T08:20:58","modified_gmt":"2023-11-08T07:20:58","slug":"nicolas-kutulas-es-algo-especial-correr-el-6days-en-casa-en-argentina","status":"publish","type":"post","link":"https:\/\/2023.fim-6days.com\/es\/nicolas-kutulas-es-algo-especial-correr-el-6days-en-casa-en-argentina\/","title":{"rendered":"Nicolas Kutulas: \u201cEs algo especial correr el 6DAYS\u00ae en casa, en Argentina\u201d"},"content":{"rendered":"<p><div class=\"fusion-fullwidth fullwidth-box fusion-builder-row-1 fusion-flex-container nonhundred-percent-fullwidth non-hundred-percent-height-scrolling\" style=\"--awb-border-radius-top-left:0px;--awb-border-radius-top-right:0px;--awb-border-radius-bottom-right:0px;--awb-border-radius-bottom-left:0px;--awb-padding-top:0px;--awb-padding-bottom:0px;--awb-flex-wrap:wrap;\" ><div class=\"fusion-builder-row fusion-row fusion-flex-align-items-flex-start fusion-flex-content-wrap\" style=\"max-width:1248px;margin-left: calc(-4% \/ 2 );margin-right: calc(-4% \/ 2 );\"><div class=\"fusion-layout-column fusion_builder_column fusion-builder-column-0 fusion_builder_column_1_1 1_1 fusion-flex-column\" style=\"--awb-padding-top:0px;--awb-padding-bottom:0px;--awb-bg-size:cover;--awb-width-large:100%;--awb-margin-top-large:0px;--awb-spacing-right-large:1.92%;--awb-margin-bottom-large:0px;--awb-spacing-left-large:1.92%;--awb-width-medium:100%;--awb-order-medium:0;--awb-spacing-right-medium:1.92%;--awb-spacing-left-medium:1.92%;--awb-width-small:100%;--awb-order-small:0;--awb-spacing-right-small:1.92%;--awb-spacing-left-small:1.92%;\"><div class=\"fusion-column-wrapper fusion-column-has-shadow fusion-flex-justify-content-flex-start fusion-content-layout-column\"><div class=\"fusion-text fusion-text-1\" style=\"--awb-text-transform:none;\"><p><strong>Los Seis D\u00edas Internacionales de Enduro (ISDE) de la FIM est\u00e1n en marcha en San Juan, Argentina. Es la cumbre del enduro y una carrera trascendental para todos los que viajan para competir y para los que la siguen con emoci\u00f3n.<\/strong><\/p>\n<p>Para el argentino Nicol\u00e1s Kutulas (KTM), rodar por la rampa de salida del Circuito Villicum de San Juan en la primera jornada fue un momento especial.<\/p>\n<p>Emocionado por la carrera de casa y motivado por el orgullo de su naci\u00f3n, estaba ansioso por dar lo mejor de s\u00ed mismo y marcar la pauta a seguir durante el resto de la semana.<\/p>\n<p>Ayud\u00f3 al equipo FIM World Trophy a conseguir la s\u00e9ptima plaza en la general y fue el piloto mejor clasificado en la vigesimotercera posici\u00f3n de la general.<\/p>\n<p><em>\u00abHa sido un primer d\u00eda duro\u00bb, <\/em>declar\u00f3 un Kutulas cansado y polvoriento desde el park ferme<em>. \u00abTuve que pasar a muchos pilotos en las pruebas especiales, y no fue f\u00e1cil con el polvo.<\/em><\/p>\n<p><em>\u00abPero creo que ma\u00f1ana ser\u00e1 mejor cuando se ajuste el orden de salida para que los m\u00e1s r\u00e1pidos salgan primero. Espero ganar algunos puestos m\u00e1s\u00bb.<\/em><\/p>\n<p>No es ajeno a los 6DAYS\u00ae, esta es su tercera vez compitiendo en el evento. La primera fue en 2014, cuando la carrera visit\u00f3 San Juan por primera vez, y desde entonces tambi\u00e9n compiti\u00f3 en Chile.<\/p>\n<p><em>\u00abHa sido todo un viaje para m\u00ed volver aqu\u00ed desde 2014. Es la primera vez que corro en casa en seis a\u00f1os. Pero es un honor y un placer estar aqu\u00ed compitiendo\u00bb.<\/em><\/p>\n<p><em>\u00abNo hay nada como los ISDE. Es una carrera incre\u00edble, con tanta gente de diferentes pa\u00edses en un solo lugar para correr enduro\u00bb.<\/em><\/p>\n<p><em>\u00abHe corrido en EnduroGP, pero no se puede comparar con una carrera como \u00e9sta. Los ISDE son tan largos que te agotan f\u00edsica y mentalmente. Tienes que cuidarte a ti mismo y a tu moto para conseguirlo. Pueden pasar muchas cosas en seis d\u00edas\u00bb.<\/em><\/p>\n<p>Al finalizar la primera jornada en s\u00e9ptima posici\u00f3n de la general, Argentina ya se encuentra c\u00f3modamente entre los diez primeros. Pero como bien sabe Kutulas, a\u00fan queda mucho camino por recorrer en esta carrera.<\/p>\n<p><em>\u00abComo equipo, nuestro objetivo es llegar a la meta el s\u00e1bado. Ahora mismo, eso est\u00e1 muy lejos. Pero s\u00e9 que si podemos hacerlo con los cuatro pilotos, \u00a1seguro que podemos obtener un buen resultado aqu\u00ed esta semana!\u00bb<\/em><\/p>\n<\/div><div ><a class=\"fusion-button button-flat fusion-button-default-size button-default fusion-button-default button-1 fusion-button-default-span fusion-button-default-type\" target=\"_self\" href=\"https:\/\/fim-moto.tv\/\"><span class=\"fusion-button-text awb-button__text awb-button__text--default\">WATCH 2023 6DAYS\u00ae LIVE STUDIO SHOW HERE!<\/span><\/a><\/div><\/div><\/div><\/div><\/div><div class=\"fusion-fullwidth fullwidth-box fusion-builder-row-2 fusion-flex-container has-pattern-background has-mask-background nonhundred-percent-fullwidth non-hundred-percent-height-scrolling\" style=\"--awb-border-radius-top-left:0px;--awb-border-radius-top-right:0px;--awb-border-radius-bottom-right:0px;--awb-border-radius-bottom-left:0px;--awb-flex-wrap:wrap;\" ><div class=\"fusion-builder-row fusion-row fusion-flex-align-items-flex-start fusion-flex-content-wrap\" style=\"max-width:1248px;margin-left: calc(-4% \/ 2 );margin-right: calc(-4% \/ 2 );\"><div class=\"fusion-layout-column fusion_builder_column fusion-builder-column-1 fusion_builder_column_1_1 1_1 fusion-flex-column\" style=\"--awb-bg-size:cover;--awb-width-large:100%;--awb-margin-top-large:0px;--awb-spacing-right-large:1.92%;--awb-margin-bottom-large:20px;--awb-spacing-left-large:1.92%;--awb-width-medium:100%;--awb-order-medium:0;--awb-spacing-right-medium:1.92%;--awb-spacing-left-medium:1.92%;--awb-width-small:100%;--awb-order-small:0;--awb-spacing-right-small:1.92%;--awb-spacing-left-small:1.92%;\"><div class=\"fusion-column-wrapper fusion-column-has-shadow fusion-flex-justify-content-flex-start fusion-content-layout-column\"><div class=\"fusion-separator fusion-full-width-sep\" style=\"align-self: center;margin-left: auto;margin-right: auto;margin-bottom:20px;width:100%;\"><\/div>\n\n<\/div><\/div><\/div><\/div><\/p>\n","protected":false},"excerpt":{"rendered":"","protected":false},"author":14,"featured_media":48684,"comment_status":"open","ping_status":"open","sticky":false,"template":"","format":"standard","meta":{"inline_featured_image":false,"footnotes":""},"categories":[118,108],"tags":[],"class_list":["post-48682","post","type-post","status-publish","format-standard","has-post-thumbnail","hentry","category-dia-1","category-news-es"],"yoast_head":"<!-- This site is optimized with the Yoast SEO plugin v25.6 - https:\/\/yoast.com\/wordpress\/plugins\/seo\/ -->\n<title>Nicolas Kutulas: \u201cEs algo especial correr el 6DAYS\u00ae en casa, en Argentina\u201d - FIM ISDE 2023<\/title>\n<meta name=\"description\" content=\"The FIM International Six Day\u2019s Enduro (ISDE) is underway in San Juan, Argentina. The pinnacle of enduro sport, it is a momentous race for all those who travel to compete and for those who watch on with excitement.\" \/>\n<meta name=\"robots\" content=\"index, follow, max-snippet:-1, max-image-preview:large, max-video-preview:-1\" \/>\n<link rel=\"canonical\" href=\"https:\/\/2023.fim-6days.com\/es\/nicolas-kutulas-es-algo-especial-correr-el-6days-en-casa-en-argentina\/\" \/>\n<meta property=\"og:locale\" content=\"es_ES\" \/>\n<meta property=\"og:type\" content=\"article\" \/>\n<meta property=\"og:title\" content=\"Nicolas Kutulas: \u201cEs algo especial correr el 6DAYS\u00ae en casa, en Argentina\u201d - FIM ISDE 2023\" \/>\n<meta property=\"og:description\" content=\"The FIM International Six Day\u2019s Enduro (ISDE) is underway in San Juan, Argentina. The pinnacle of enduro sport, it is a momentous race for all those who travel to compete and for those who watch on with excitement.\" \/>\n<meta property=\"og:url\" content=\"https:\/\/2023.fim-6days.com\/es\/nicolas-kutulas-es-algo-especial-correr-el-6days-en-casa-en-argentina\/\" \/>\n<meta property=\"og:site_name\" content=\"FIM ISDE 2023\" \/>\n<meta property=\"article:publisher\" content=\"https:\/\/www.facebook.com\/FIMISDE\/\" \/>\n<meta property=\"article:published_time\" content=\"2023-11-08T07:20:02+00:00\" \/>\n<meta property=\"article:modified_time\" content=\"2023-11-08T07:20:58+00:00\" \/>\n<meta property=\"og:image\" content=\"https:\/\/2023.fim-6days.com\/wp-content\/uploads\/sites\/8\/2023\/11\/AZ99964-1.jpg\" \/>\n\t<meta property=\"og:image:width\" content=\"1600\" \/>\n\t<meta property=\"og:image:height\" content=\"1067\" \/>\n\t<meta property=\"og:image:type\" content=\"image\/jpeg\" \/>\n<meta name=\"author\" content=\"isalen\" \/>\n<meta name=\"twitter:card\" content=\"summary_large_image\" \/>\n<meta name=\"twitter:creator\" content=\"@fimisde\" \/>\n<meta name=\"twitter:site\" content=\"@fimisde\" \/>\n<meta name=\"twitter:label1\" content=\"Escrito por\" \/>\n\t<meta name=\"twitter:data1\" content=\"isalen\" \/>\n\t<meta name=\"twitter:label2\" content=\"Tiempo de lectura\" \/>\n\t<meta name=\"twitter:data2\" content=\"5 minutos\" \/>\n<script type=\"application\/ld+json\" class=\"yoast-schema-graph\">{\"@context\":\"https:\/\/schema.org\",\"@graph\":[{\"@type\":\"Article\",\"@id\":\"https:\/\/2023.fim-6days.com\/es\/nicolas-kutulas-es-algo-especial-correr-el-6days-en-casa-en-argentina\/#article\",\"isPartOf\":{\"@id\":\"https:\/\/2023.fim-6days.com\/es\/nicolas-kutulas-es-algo-especial-correr-el-6days-en-casa-en-argentina\/\"},\"author\":{\"name\":\"isalen\",\"@id\":\"https:\/\/2023.fim-6days.com\/#\/schema\/person\/fc80183700e96a22afb3f220ae03b32a\"},\"headline\":\"Nicolas Kutulas: \u201cEs algo especial correr el 6DAYS\u00ae en casa, en Argentina\u201d\",\"datePublished\":\"2023-11-08T07:20:02+00:00\",\"dateModified\":\"2023-11-08T07:20:58+00:00\",\"mainEntityOfPage\":{\"@id\":\"https:\/\/2023.fim-6days.com\/es\/nicolas-kutulas-es-algo-especial-correr-el-6days-en-casa-en-argentina\/\"},\"wordCount\":1956,\"commentCount\":0,\"publisher\":{\"@id\":\"https:\/\/2023.fim-6days.com\/#organization\"},\"image\":{\"@id\":\"https:\/\/2023.fim-6days.com\/es\/nicolas-kutulas-es-algo-especial-correr-el-6days-en-casa-en-argentina\/#primaryimage\"},\"thumbnailUrl\":\"https:\/\/2023.fim-6days.com\/wp-content\/uploads\/sites\/8\/2023\/11\/AZ99964-1.jpg\",\"articleSection\":[\"D\u00eda 1\",\"Noticias\"],\"inLanguage\":\"es\",\"potentialAction\":[{\"@type\":\"CommentAction\",\"name\":\"Comment\",\"target\":[\"https:\/\/2023.fim-6days.com\/es\/nicolas-kutulas-es-algo-especial-correr-el-6days-en-casa-en-argentina\/#respond\"]}]},{\"@type\":\"WebPage\",\"@id\":\"https:\/\/2023.fim-6days.com\/es\/nicolas-kutulas-es-algo-especial-correr-el-6days-en-casa-en-argentina\/\",\"url\":\"https:\/\/2023.fim-6days.com\/es\/nicolas-kutulas-es-algo-especial-correr-el-6days-en-casa-en-argentina\/\",\"name\":\"Nicolas Kutulas: \u201cEs algo especial correr el 6DAYS\u00ae en casa, en Argentina\u201d - FIM ISDE 2023\",\"isPartOf\":{\"@id\":\"https:\/\/2023.fim-6days.com\/#website\"},\"primaryImageOfPage\":{\"@id\":\"https:\/\/2023.fim-6days.com\/es\/nicolas-kutulas-es-algo-especial-correr-el-6days-en-casa-en-argentina\/#primaryimage\"},\"image\":{\"@id\":\"https:\/\/2023.fim-6days.com\/es\/nicolas-kutulas-es-algo-especial-correr-el-6days-en-casa-en-argentina\/#primaryimage\"},\"thumbnailUrl\":\"https:\/\/2023.fim-6days.com\/wp-content\/uploads\/sites\/8\/2023\/11\/AZ99964-1.jpg\",\"datePublished\":\"2023-11-08T07:20:02+00:00\",\"dateModified\":\"2023-11-08T07:20:58+00:00\",\"description\":\"The FIM International Six Day\u2019s Enduro (ISDE) is underway in San Juan, Argentina. The pinnacle of enduro sport, it is a momentous race for all those who travel to compete and for those who watch on with excitement.\",\"breadcrumb\":{\"@id\":\"https:\/\/2023.fim-6days.com\/es\/nicolas-kutulas-es-algo-especial-correr-el-6days-en-casa-en-argentina\/#breadcrumb\"},\"inLanguage\":\"es\",\"potentialAction\":[{\"@type\":\"ReadAction\",\"target\":[\"https:\/\/2023.fim-6days.com\/es\/nicolas-kutulas-es-algo-especial-correr-el-6days-en-casa-en-argentina\/\"]}]},{\"@type\":\"ImageObject\",\"inLanguage\":\"es\",\"@id\":\"https:\/\/2023.fim-6days.com\/es\/nicolas-kutulas-es-algo-especial-correr-el-6days-en-casa-en-argentina\/#primaryimage\",\"url\":\"https:\/\/2023.fim-6days.com\/wp-content\/uploads\/sites\/8\/2023\/11\/AZ99964-1.jpg\",\"contentUrl\":\"https:\/\/2023.fim-6days.com\/wp-content\/uploads\/sites\/8\/2023\/11\/AZ99964-1.jpg\",\"width\":1600,\"height\":1067,\"caption\":\"FIM International Six Days' Enduro - 97th Edition - San Juan (Argentina) - Day 1, 06 November.\"},{\"@type\":\"BreadcrumbList\",\"@id\":\"https:\/\/2023.fim-6days.com\/es\/nicolas-kutulas-es-algo-especial-correr-el-6days-en-casa-en-argentina\/#breadcrumb\",\"itemListElement\":[{\"@type\":\"ListItem\",\"position\":1,\"name\":\"Home\",\"item\":\"https:\/\/2023.fim-6days.com\/es\/\"},{\"@type\":\"ListItem\",\"position\":2,\"name\":\"Nicolas Kutulas: \u201cEs algo especial correr el 6DAYS\u00ae en casa, en Argentina\u201d\"}]},{\"@type\":\"WebSite\",\"@id\":\"https:\/\/2023.fim-6days.com\/#website\",\"url\":\"https:\/\/2023.fim-6days.com\/\",\"name\":\"FIM ISDE 2021\",\"description\":\"FIM ISDE Official website\",\"publisher\":{\"@id\":\"https:\/\/2023.fim-6days.com\/#organization\"},\"potentialAction\":[{\"@type\":\"SearchAction\",\"target\":{\"@type\":\"EntryPoint\",\"urlTemplate\":\"https:\/\/2023.fim-6days.com\/?s={search_term_string}\"},\"query-input\":{\"@type\":\"PropertyValueSpecification\",\"valueRequired\":true,\"valueName\":\"search_term_string\"}}],\"inLanguage\":\"es\"},{\"@type\":\"Organization\",\"@id\":\"https:\/\/2023.fim-6days.com\/#organization\",\"name\":\"FIM - F\u00e9d\u00e9ration Internationale de Motocyclisme\",\"url\":\"https:\/\/2023.fim-6days.com\/\",\"logo\":{\"@type\":\"ImageObject\",\"inLanguage\":\"es\",\"@id\":\"https:\/\/2023.fim-6days.com\/#\/schema\/logo\/image\/\",\"url\":\"https:\/\/2023.fim-6days.com\/wp-content\/uploads\/sites\/8\/2019\/07\/LogoFIM-CMYK.png\",\"contentUrl\":\"https:\/\/2023.fim-6days.com\/wp-content\/uploads\/sites\/8\/2019\/07\/LogoFIM-CMYK.png\",\"width\":2608,\"height\":1833,\"caption\":\"FIM - F\u00e9d\u00e9ration Internationale de Motocyclisme\"},\"image\":{\"@id\":\"https:\/\/2023.fim-6days.com\/#\/schema\/logo\/image\/\"},\"sameAs\":[\"https:\/\/www.facebook.com\/FIMISDE\/\",\"https:\/\/x.com\/fimisde\",\"https:\/\/www.instagram.com\/fim_isde\/\"]},{\"@type\":\"Person\",\"@id\":\"https:\/\/2023.fim-6days.com\/#\/schema\/person\/fc80183700e96a22afb3f220ae03b32a\",\"name\":\"isalen\",\"image\":{\"@type\":\"ImageObject\",\"inLanguage\":\"es\",\"@id\":\"https:\/\/2023.fim-6days.com\/#\/schema\/person\/image\/\",\"url\":\"https:\/\/secure.gravatar.com\/avatar\/b498bfa446460353cfcc6e023d9c28e3e84ef3798b7f90c38b5d03254eed1837?s=96&d=mm&r=g\",\"contentUrl\":\"https:\/\/secure.gravatar.com\/avatar\/b498bfa446460353cfcc6e023d9c28e3e84ef3798b7f90c38b5d03254eed1837?s=96&d=mm&r=g\",\"caption\":\"isalen\"},\"url\":\"https:\/\/2023.fim-6days.com\/es\/author\/isalen\/\"}]}<\/script>\n<!-- \/ Yoast SEO plugin. -->","yoast_head_json":{"title":"Nicolas Kutulas: \u201cEs algo especial correr el 6DAYS\u00ae en casa, en Argentina\u201d - FIM ISDE 2023","description":"The FIM International Six Day\u2019s Enduro (ISDE) is underway in San Juan, Argentina. The pinnacle of enduro sport, it is a momentous race for all those who travel to compete and for those who watch on with excitement.","robots":{"index":"index","follow":"follow","max-snippet":"max-snippet:-1","max-image-preview":"max-image-preview:large","max-video-preview":"max-video-preview:-1"},"canonical":"https:\/\/2023.fim-6days.com\/es\/nicolas-kutulas-es-algo-especial-correr-el-6days-en-casa-en-argentina\/","og_locale":"es_ES","og_type":"article","og_title":"Nicolas Kutulas: \u201cEs algo especial correr el 6DAYS\u00ae en casa, en Argentina\u201d - FIM ISDE 2023","og_description":"The FIM International Six Day\u2019s Enduro (ISDE) is underway in San Juan, Argentina. The pinnacle of enduro sport, it is a momentous race for all those who travel to compete and for those who watch on with excitement.","og_url":"https:\/\/2023.fim-6days.com\/es\/nicolas-kutulas-es-algo-especial-correr-el-6days-en-casa-en-argentina\/","og_site_name":"FIM ISDE 2023","article_publisher":"https:\/\/www.facebook.com\/FIMISDE\/","article_published_time":"2023-11-08T07:20:02+00:00","article_modified_time":"2023-11-08T07:20:58+00:00","og_image":[{"width":1600,"height":1067,"url":"https:\/\/2023.fim-6days.com\/wp-content\/uploads\/sites\/8\/2023\/11\/AZ99964-1.jpg","type":"image\/jpeg"}],"author":"isalen","twitter_card":"summary_large_image","twitter_creator":"@fimisde","twitter_site":"@fimisde","twitter_misc":{"Escrito por":"isalen","Tiempo de lectura":"5 minutos"},"schema":{"@context":"https:\/\/schema.org","@graph":[{"@type":"Article","@id":"https:\/\/2023.fim-6days.com\/es\/nicolas-kutulas-es-algo-especial-correr-el-6days-en-casa-en-argentina\/#article","isPartOf":{"@id":"https:\/\/2023.fim-6days.com\/es\/nicolas-kutulas-es-algo-especial-correr-el-6days-en-casa-en-argentina\/"},"author":{"name":"isalen","@id":"https:\/\/2023.fim-6days.com\/#\/schema\/person\/fc80183700e96a22afb3f220ae03b32a"},"headline":"Nicolas Kutulas: \u201cEs algo especial correr el 6DAYS\u00ae en casa, en Argentina\u201d","datePublished":"2023-11-08T07:20:02+00:00","dateModified":"2023-11-08T07:20:58+00:00","mainEntityOfPage":{"@id":"https:\/\/2023.fim-6days.com\/es\/nicolas-kutulas-es-algo-especial-correr-el-6days-en-casa-en-argentina\/"},"wordCount":1956,"commentCount":0,"publisher":{"@id":"https:\/\/2023.fim-6days.com\/#organization"},"image":{"@id":"https:\/\/2023.fim-6days.com\/es\/nicolas-kutulas-es-algo-especial-correr-el-6days-en-casa-en-argentina\/#primaryimage"},"thumbnailUrl":"https:\/\/2023.fim-6days.com\/wp-content\/uploads\/sites\/8\/2023\/11\/AZ99964-1.jpg","articleSection":["D\u00eda 1","Noticias"],"inLanguage":"es","potentialAction":[{"@type":"CommentAction","name":"Comment","target":["https:\/\/2023.fim-6days.com\/es\/nicolas-kutulas-es-algo-especial-correr-el-6days-en-casa-en-argentina\/#respond"]}]},{"@type":"WebPage","@id":"https:\/\/2023.fim-6days.com\/es\/nicolas-kutulas-es-algo-especial-correr-el-6days-en-casa-en-argentina\/","url":"https:\/\/2023.fim-6days.com\/es\/nicolas-kutulas-es-algo-especial-correr-el-6days-en-casa-en-argentina\/","name":"Nicolas Kutulas: \u201cEs algo especial correr el 6DAYS\u00ae en casa, en Argentina\u201d - FIM ISDE 2023","isPartOf":{"@id":"https:\/\/2023.fim-6days.com\/#website"},"primaryImageOfPage":{"@id":"https:\/\/2023.fim-6days.com\/es\/nicolas-kutulas-es-algo-especial-correr-el-6days-en-casa-en-argentina\/#primaryimage"},"image":{"@id":"https:\/\/2023.fim-6days.com\/es\/nicolas-kutulas-es-algo-especial-correr-el-6days-en-casa-en-argentina\/#primaryimage"},"thumbnailUrl":"https:\/\/2023.fim-6days.com\/wp-content\/uploads\/sites\/8\/2023\/11\/AZ99964-1.jpg","datePublished":"2023-11-08T07:20:02+00:00","dateModified":"2023-11-08T07:20:58+00:00","description":"The FIM International Six Day\u2019s Enduro (ISDE) is underway in San Juan, Argentina. The pinnacle of enduro sport, it is a momentous race for all those who travel to compete and for those who watch on with excitement.","breadcrumb":{"@id":"https:\/\/2023.fim-6days.com\/es\/nicolas-kutulas-es-algo-especial-correr-el-6days-en-casa-en-argentina\/#breadcrumb"},"inLanguage":"es","potentialAction":[{"@type":"ReadAction","target":["https:\/\/2023.fim-6days.com\/es\/nicolas-kutulas-es-algo-especial-correr-el-6days-en-casa-en-argentina\/"]}]},{"@type":"ImageObject","inLanguage":"es","@id":"https:\/\/2023.fim-6days.com\/es\/nicolas-kutulas-es-algo-especial-correr-el-6days-en-casa-en-argentina\/#primaryimage","url":"https:\/\/2023.fim-6days.com\/wp-content\/uploads\/sites\/8\/2023\/11\/AZ99964-1.jpg","contentUrl":"https:\/\/2023.fim-6days.com\/wp-content\/uploads\/sites\/8\/2023\/11\/AZ99964-1.jpg","width":1600,"height":1067,"caption":"FIM International Six Days' Enduro - 97th Edition - San Juan (Argentina) - Day 1, 06 November."},{"@type":"BreadcrumbList","@id":"https:\/\/2023.fim-6days.com\/es\/nicolas-kutulas-es-algo-especial-correr-el-6days-en-casa-en-argentina\/#breadcrumb","itemListElement":[{"@type":"ListItem","position":1,"name":"Home","item":"https:\/\/2023.fim-6days.com\/es\/"},{"@type":"ListItem","position":2,"name":"Nicolas Kutulas: \u201cEs algo especial correr el 6DAYS\u00ae en casa, en Argentina\u201d"}]},{"@type":"WebSite","@id":"https:\/\/2023.fim-6days.com\/#website","url":"https:\/\/2023.fim-6days.com\/","name":"FIM ISDE 2021","description":"FIM ISDE Official website","publisher":{"@id":"https:\/\/2023.fim-6days.com\/#organization"},"potentialAction":[{"@type":"SearchAction","target":{"@type":"EntryPoint","urlTemplate":"https:\/\/2023.fim-6days.com\/?s={search_term_string}"},"query-input":{"@type":"PropertyValueSpecification","valueRequired":true,"valueName":"search_term_string"}}],"inLanguage":"es"},{"@type":"Organization","@id":"https:\/\/2023.fim-6days.com\/#organization","name":"FIM - F\u00e9d\u00e9ration Internationale de Motocyclisme","url":"https:\/\/2023.fim-6days.com\/","logo":{"@type":"ImageObject","inLanguage":"es","@id":"https:\/\/2023.fim-6days.com\/#\/schema\/logo\/image\/","url":"https:\/\/2023.fim-6days.com\/wp-content\/uploads\/sites\/8\/2019\/07\/LogoFIM-CMYK.png","contentUrl":"https:\/\/2023.fim-6days.com\/wp-content\/uploads\/sites\/8\/2019\/07\/LogoFIM-CMYK.png","width":2608,"height":1833,"caption":"FIM - F\u00e9d\u00e9ration Internationale de Motocyclisme"},"image":{"@id":"https:\/\/2023.fim-6days.com\/#\/schema\/logo\/image\/"},"sameAs":["https:\/\/www.facebook.com\/FIMISDE\/","https:\/\/x.com\/fimisde","https:\/\/www.instagram.com\/fim_isde\/"]},{"@type":"Person","@id":"https:\/\/2023.fim-6days.com\/#\/schema\/person\/fc80183700e96a22afb3f220ae03b32a","name":"isalen","image":{"@type":"ImageObject","inLanguage":"es","@id":"https:\/\/2023.fim-6days.com\/#\/schema\/person\/image\/","url":"https:\/\/secure.gravatar.com\/avatar\/b498bfa446460353cfcc6e023d9c28e3e84ef3798b7f90c38b5d03254eed1837?s=96&d=mm&r=g","contentUrl":"https:\/\/secure.gravatar.com\/avatar\/b498bfa446460353cfcc6e023d9c28e3e84ef3798b7f90c38b5d03254eed1837?s=96&d=mm&r=g","caption":"isalen"},"url":"https:\/\/2023.fim-6days.com\/es\/author\/isalen\/"}]}},"_links":{"self":[{"href":"https:\/\/2023.fim-6days.com\/es\/wp-json\/wp\/v2\/posts\/48682","targetHints":{"allow":["GET"]}}],"collection":[{"href":"https:\/\/2023.fim-6days.com\/es\/wp-json\/wp\/v2\/posts"}],"about":[{"href":"https:\/\/2023.fim-6days.com\/es\/wp-json\/wp\/v2\/types\/post"}],"author":[{"embeddable":true,"href":"https:\/\/2023.fim-6days.com\/es\/wp-json\/wp\/v2\/users\/14"}],"replies":[{"embeddable":true,"href":"https:\/\/2023.fim-6days.com\/es\/wp-json\/wp\/v2\/comments?post=48682"}],"version-history":[{"count":3,"href":"https:\/\/2023.fim-6days.com\/es\/wp-json\/wp\/v2\/posts\/48682\/revisions"}],"predecessor-version":[{"id":48727,"href":"https:\/\/2023.fim-6days.com\/es\/wp-json\/wp\/v2\/posts\/48682\/revisions\/48727"}],"wp:featuredmedia":[{"embeddable":true,"href":"https:\/\/2023.fim-6days.com\/es\/wp-json\/wp\/v2\/media\/48684"}],"wp:attachment":[{"href":"https:\/\/2023.fim-6days.com\/es\/wp-json\/wp\/v2\/media?parent=48682"}],"wp:term":[{"taxonomy":"category","embeddable":true,"href":"https:\/\/2023.fim-6days.com\/es\/wp-json\/wp\/v2\/categories?post=48682"},{"taxonomy":"post_tag","embeddable":true,"href":"https:\/\/2023.fim-6days.com\/es\/wp-json\/wp\/v2\/tags?post=48682"}],"curies":[{"name":"wp","href":"https:\/\/api.w.org\/{rel}","templated":true}]}}