{"id":48588,"date":"2023-11-07T11:11:46","date_gmt":"2023-11-07T10:11:46","guid":{"rendered":"https:\/\/2023.fim-6days.com\/?p=48588"},"modified":"2023-11-07T11:11:47","modified_gmt":"2023-11-07T10:11:47","slug":"la-ceremonia-de-apertura-senala-el-comienzo-de-los-isde-2023","status":"publish","type":"post","link":"https:\/\/2023.fim-6days.com\/es\/la-ceremonia-de-apertura-senala-el-comienzo-de-los-isde-2023\/","title":{"rendered":"La ceremonia de apertura se\u00f1ala el comienzo de los ISDE 2023"},"content":{"rendered":"<p><div class=\"fusion-fullwidth fullwidth-box fusion-builder-row-1 fusion-flex-container nonhundred-percent-fullwidth non-hundred-percent-height-scrolling\" style=\"--awb-border-radius-top-left:0px;--awb-border-radius-top-right:0px;--awb-border-radius-bottom-right:0px;--awb-border-radius-bottom-left:0px;--awb-padding-top:0px;--awb-padding-bottom:0px;--awb-flex-wrap:wrap;\" ><div class=\"fusion-builder-row fusion-row fusion-flex-align-items-flex-start fusion-flex-content-wrap\" style=\"max-width:1248px;margin-left: calc(-4% \/ 2 );margin-right: calc(-4% \/ 2 );\"><div class=\"fusion-layout-column fusion_builder_column fusion-builder-column-0 fusion_builder_column_1_1 1_1 fusion-flex-column\" style=\"--awb-padding-top:0px;--awb-padding-bottom:0px;--awb-bg-size:cover;--awb-width-large:100%;--awb-margin-top-large:0px;--awb-spacing-right-large:1.92%;--awb-margin-bottom-large:0px;--awb-spacing-left-large:1.92%;--awb-width-medium:100%;--awb-order-medium:0;--awb-spacing-right-medium:1.92%;--awb-spacing-left-medium:1.92%;--awb-width-small:100%;--awb-order-small:0;--awb-spacing-right-small:1.92%;--awb-spacing-left-small:1.92%;\"><div class=\"fusion-column-wrapper fusion-column-has-shadow fusion-flex-justify-content-flex-start fusion-content-layout-column\"><div class=\"fusion-text fusion-text-1\" style=\"--awb-text-transform:none;\"><p><b><i>La edici\u00f3n n\u00famero 97 de los \u00a0FIM International Six Day\u2019s\u00a0of Enduro (ISDE) hizo su apertura oficial el s\u00e1bado por la noche con la tradicional ceremonia de apertura. \u00a0<\/i><\/b><\/p>\n<p>Al momento de darle la bienvenida a competidores de todo el mundo en San Juan (Argentina), se respiraba un aut\u00e9ntico clima de carnaval cuando las distintas nacionalidades subieron al escenario. Sin embargo, el mayor bullicio de la multitud congregada y las bombas de humo m\u00e1s coloridas fueron los de la naci\u00f3n anfitriona, Argentina. Como es tradici\u00f3n, los pilotos locales fueron los \u00faltimos en subir al escenario con sus equipos oficiales, que competir\u00e1n en las tres categor\u00edas principales: World Trophy, Junior World Trophy y Women&#8217;s World Trophy<em>.<\/em><\/p>\n<p>En medio de las t\u00edpicas celebraciones sudamericanas, un piloto se empap\u00f3 del ambiente quiz\u00e1s m\u00e1s que la mayor\u00eda, ya que \u00e9sta ser\u00e1 la \u00faltima vez que forme parte de los ISDE. El piloto estadounidense del equipo World Trophy, Taylor Robert, anunci\u00f3 su retirada del motociclismo profesional antes de la ceremonia de apertura, poniendo fin a una larga y exitosa carrera en el motociclismo<em>.<\/em><\/p>\n<p><em>Siento una mezcla de emociones\u00bb, explic\u00f3 Taylor desde la ceremonia, \u00abpero estoy muy contento de estar aqu\u00ed representando a Estados Unidos. Pasan muchas cosas antes del comienzo de la prueba, pero es en la ceremonia inaugural cuando realmente empiezas a sentir que la carrera est\u00e1 a punto de empezar. Es genial estar en el escenario con todos tus compa\u00f1eros de equipo, celebrando el comienzo de este evento tan especial\u201d.<\/em><\/p>\n<p><em>\u00abDesde 2012 hasta 2021 he corrido todos los a\u00f1os en el equipo estadounidense de World Trophy, lo que ha sido incre\u00edble. Los ISDE son mi evento favorito del a\u00f1o y guardo muy buenos recuerdos. Por desgracia, el a\u00f1o pasado me lesion\u00e9 de gravedad, pero he vuelto a sentirme bien compitiendo\u201d.<\/em><\/p>\n<p><em>\u00abComo todas las cosas buenas, mi carrera tiene que llegar a su fin en alg\u00fan momento, y no se me ocurre un evento mejor para hacerlo que los ISDE. Tengo muy buenos recuerdos de todos estos a\u00f1os, es un evento duro, pero es genial competir en equipo, luchando con los mejores pilotos del mundo\u201d.<\/em><\/p>\n<p><em>\u00abMe encantar\u00eda hacer un buen papel, ganar ser\u00eda incre\u00edble, pero en realidad s\u00f3lo quiero hacerlo lo mejor posible y disfrutar del evento. El terreno aqu\u00ed es muy parecido al de Arizona, donde vivo, as\u00ed que estoy deseando empezar. Todos nuestros equipos son incre\u00edbles, est\u00e1n en un muy buen momento. Siempre hay sorpresas durante los ISDE, pero me siento bien y estoy deseando disfrutar de mis \u00faltimos Six Days\u00bb.<\/em><\/p>\n<\/div><\/div><\/div><\/div><\/div><div class=\"fusion-fullwidth fullwidth-box fusion-builder-row-2 fusion-flex-container has-pattern-background has-mask-background nonhundred-percent-fullwidth non-hundred-percent-height-scrolling\" style=\"--awb-border-radius-top-left:0px;--awb-border-radius-top-right:0px;--awb-border-radius-bottom-right:0px;--awb-border-radius-bottom-left:0px;--awb-flex-wrap:wrap;\" ><div class=\"fusion-builder-row fusion-row fusion-flex-align-items-flex-start fusion-flex-content-wrap\" style=\"max-width:1248px;margin-left: calc(-4% \/ 2 );margin-right: calc(-4% \/ 2 );\"><div class=\"fusion-layout-column fusion_builder_column fusion-builder-column-1 fusion_builder_column_1_1 1_1 fusion-flex-column\" style=\"--awb-bg-size:cover;--awb-width-large:100%;--awb-margin-top-large:0px;--awb-spacing-right-large:1.92%;--awb-margin-bottom-large:20px;--awb-spacing-left-large:1.92%;--awb-width-medium:100%;--awb-order-medium:0;--awb-spacing-right-medium:1.92%;--awb-spacing-left-medium:1.92%;--awb-width-small:100%;--awb-order-small:0;--awb-spacing-right-small:1.92%;--awb-spacing-left-small:1.92%;\"><div class=\"fusion-column-wrapper fusion-column-has-shadow fusion-flex-justify-content-flex-start fusion-content-layout-column\"><div class=\"fusion-separator fusion-full-width-sep\" style=\"align-self: center;margin-left: auto;margin-right: auto;margin-bottom:20px;width:100%;\"><\/div>\n<\/div><\/div><\/div><\/div><\/p>\n","protected":false},"excerpt":{"rendered":"","protected":false},"author":14,"featured_media":48590,"comment_status":"closed","ping_status":"closed","sticky":false,"template":"","format":"standard","meta":{"inline_featured_image":false,"footnotes":""},"categories":[108],"tags":[],"class_list":["post-48588","post","type-post","status-publish","format-standard","has-post-thumbnail","hentry","category-news-es"],"yoast_head":"<!-- This site is optimized with the Yoast SEO plugin v25.6 - https:\/\/yoast.com\/wordpress\/plugins\/seo\/ -->\n<title>La ceremonia de apertura se\u00f1ala el comienzo de los ISDE 2023 - FIM ISDE 2023<\/title>\n<meta name=\"description\" content=\"-\" \/>\n<meta name=\"robots\" content=\"index, follow, max-snippet:-1, max-image-preview:large, max-video-preview:-1\" \/>\n<link rel=\"canonical\" href=\"https:\/\/2023.fim-6days.com\/es\/la-ceremonia-de-apertura-senala-el-comienzo-de-los-isde-2023\/\" \/>\n<meta property=\"og:locale\" content=\"es_ES\" \/>\n<meta property=\"og:type\" content=\"article\" \/>\n<meta property=\"og:title\" content=\"La ceremonia de apertura se\u00f1ala el comienzo de los ISDE 2023 - FIM ISDE 2023\" \/>\n<meta property=\"og:description\" content=\"-\" \/>\n<meta property=\"og:url\" content=\"https:\/\/2023.fim-6days.com\/es\/la-ceremonia-de-apertura-senala-el-comienzo-de-los-isde-2023\/\" \/>\n<meta property=\"og:site_name\" content=\"FIM ISDE 2023\" \/>\n<meta property=\"article:publisher\" content=\"https:\/\/www.facebook.com\/FIMISDE\/\" \/>\n<meta property=\"article:published_time\" content=\"2023-11-07T10:11:46+00:00\" \/>\n<meta property=\"article:modified_time\" content=\"2023-11-07T10:11:47+00:00\" \/>\n<meta property=\"og:image\" content=\"https:\/\/2023.fim-6days.com\/wp-content\/uploads\/sites\/8\/2023\/11\/Team-argentina-1.jpg\" \/>\n\t<meta property=\"og:image:width\" content=\"4252\" \/>\n\t<meta property=\"og:image:height\" content=\"2835\" \/>\n\t<meta property=\"og:image:type\" content=\"image\/jpeg\" \/>\n<meta name=\"author\" content=\"isalen\" \/>\n<meta name=\"twitter:card\" content=\"summary_large_image\" \/>\n<meta name=\"twitter:creator\" content=\"@fimisde\" \/>\n<meta name=\"twitter:site\" content=\"@fimisde\" \/>\n<meta name=\"twitter:label1\" content=\"Escrito por\" \/>\n\t<meta name=\"twitter:data1\" content=\"isalen\" \/>\n\t<meta name=\"twitter:label2\" content=\"Tiempo de lectura\" \/>\n\t<meta name=\"twitter:data2\" content=\"5 minutos\" \/>\n<script type=\"application\/ld+json\" class=\"yoast-schema-graph\">{\"@context\":\"https:\/\/schema.org\",\"@graph\":[{\"@type\":\"Article\",\"@id\":\"https:\/\/2023.fim-6days.com\/es\/la-ceremonia-de-apertura-senala-el-comienzo-de-los-isde-2023\/#article\",\"isPartOf\":{\"@id\":\"https:\/\/2023.fim-6days.com\/es\/la-ceremonia-de-apertura-senala-el-comienzo-de-los-isde-2023\/\"},\"author\":{\"name\":\"isalen\",\"@id\":\"https:\/\/2023.fim-6days.com\/#\/schema\/person\/fc80183700e96a22afb3f220ae03b32a\"},\"headline\":\"La ceremonia de apertura se\u00f1ala el comienzo de los ISDE 2023\",\"datePublished\":\"2023-11-07T10:11:46+00:00\",\"dateModified\":\"2023-11-07T10:11:47+00:00\",\"mainEntityOfPage\":{\"@id\":\"https:\/\/2023.fim-6days.com\/es\/la-ceremonia-de-apertura-senala-el-comienzo-de-los-isde-2023\/\"},\"wordCount\":1816,\"publisher\":{\"@id\":\"https:\/\/2023.fim-6days.com\/#organization\"},\"image\":{\"@id\":\"https:\/\/2023.fim-6days.com\/es\/la-ceremonia-de-apertura-senala-el-comienzo-de-los-isde-2023\/#primaryimage\"},\"thumbnailUrl\":\"https:\/\/2023.fim-6days.com\/wp-content\/uploads\/sites\/8\/2023\/11\/Team-argentina-1.jpg\",\"articleSection\":[\"Noticias\"],\"inLanguage\":\"es\"},{\"@type\":\"WebPage\",\"@id\":\"https:\/\/2023.fim-6days.com\/es\/la-ceremonia-de-apertura-senala-el-comienzo-de-los-isde-2023\/\",\"url\":\"https:\/\/2023.fim-6days.com\/es\/la-ceremonia-de-apertura-senala-el-comienzo-de-los-isde-2023\/\",\"name\":\"La ceremonia de apertura se\u00f1ala el comienzo de los ISDE 2023 - FIM ISDE 2023\",\"isPartOf\":{\"@id\":\"https:\/\/2023.fim-6days.com\/#website\"},\"primaryImageOfPage\":{\"@id\":\"https:\/\/2023.fim-6days.com\/es\/la-ceremonia-de-apertura-senala-el-comienzo-de-los-isde-2023\/#primaryimage\"},\"image\":{\"@id\":\"https:\/\/2023.fim-6days.com\/es\/la-ceremonia-de-apertura-senala-el-comienzo-de-los-isde-2023\/#primaryimage\"},\"thumbnailUrl\":\"https:\/\/2023.fim-6days.com\/wp-content\/uploads\/sites\/8\/2023\/11\/Team-argentina-1.jpg\",\"datePublished\":\"2023-11-07T10:11:46+00:00\",\"dateModified\":\"2023-11-07T10:11:47+00:00\",\"description\":\"-\",\"breadcrumb\":{\"@id\":\"https:\/\/2023.fim-6days.com\/es\/la-ceremonia-de-apertura-senala-el-comienzo-de-los-isde-2023\/#breadcrumb\"},\"inLanguage\":\"es\",\"potentialAction\":[{\"@type\":\"ReadAction\",\"target\":[\"https:\/\/2023.fim-6days.com\/es\/la-ceremonia-de-apertura-senala-el-comienzo-de-los-isde-2023\/\"]}]},{\"@type\":\"ImageObject\",\"inLanguage\":\"es\",\"@id\":\"https:\/\/2023.fim-6days.com\/es\/la-ceremonia-de-apertura-senala-el-comienzo-de-los-isde-2023\/#primaryimage\",\"url\":\"https:\/\/2023.fim-6days.com\/wp-content\/uploads\/sites\/8\/2023\/11\/Team-argentina-1.jpg\",\"contentUrl\":\"https:\/\/2023.fim-6days.com\/wp-content\/uploads\/sites\/8\/2023\/11\/Team-argentina-1.jpg\",\"width\":4252,\"height\":2835,\"caption\":\"FIM International Six Days' Enduro - 97th Edition - San Juan (Argentina) - Opening Ceremony, 04 November.\"},{\"@type\":\"BreadcrumbList\",\"@id\":\"https:\/\/2023.fim-6days.com\/es\/la-ceremonia-de-apertura-senala-el-comienzo-de-los-isde-2023\/#breadcrumb\",\"itemListElement\":[{\"@type\":\"ListItem\",\"position\":1,\"name\":\"Home\",\"item\":\"https:\/\/2023.fim-6days.com\/es\/\"},{\"@type\":\"ListItem\",\"position\":2,\"name\":\"La ceremonia de apertura se\u00f1ala el comienzo de los ISDE 2023\"}]},{\"@type\":\"WebSite\",\"@id\":\"https:\/\/2023.fim-6days.com\/#website\",\"url\":\"https:\/\/2023.fim-6days.com\/\",\"name\":\"FIM ISDE 2021\",\"description\":\"FIM ISDE Official website\",\"publisher\":{\"@id\":\"https:\/\/2023.fim-6days.com\/#organization\"},\"potentialAction\":[{\"@type\":\"SearchAction\",\"target\":{\"@type\":\"EntryPoint\",\"urlTemplate\":\"https:\/\/2023.fim-6days.com\/?s={search_term_string}\"},\"query-input\":{\"@type\":\"PropertyValueSpecification\",\"valueRequired\":true,\"valueName\":\"search_term_string\"}}],\"inLanguage\":\"es\"},{\"@type\":\"Organization\",\"@id\":\"https:\/\/2023.fim-6days.com\/#organization\",\"name\":\"FIM - F\u00e9d\u00e9ration Internationale de Motocyclisme\",\"url\":\"https:\/\/2023.fim-6days.com\/\",\"logo\":{\"@type\":\"ImageObject\",\"inLanguage\":\"es\",\"@id\":\"https:\/\/2023.fim-6days.com\/#\/schema\/logo\/image\/\",\"url\":\"https:\/\/2023.fim-6days.com\/wp-content\/uploads\/sites\/8\/2019\/07\/LogoFIM-CMYK.png\",\"contentUrl\":\"https:\/\/2023.fim-6days.com\/wp-content\/uploads\/sites\/8\/2019\/07\/LogoFIM-CMYK.png\",\"width\":2608,\"height\":1833,\"caption\":\"FIM - F\u00e9d\u00e9ration Internationale de Motocyclisme\"},\"image\":{\"@id\":\"https:\/\/2023.fim-6days.com\/#\/schema\/logo\/image\/\"},\"sameAs\":[\"https:\/\/www.facebook.com\/FIMISDE\/\",\"https:\/\/x.com\/fimisde\",\"https:\/\/www.instagram.com\/fim_isde\/\"]},{\"@type\":\"Person\",\"@id\":\"https:\/\/2023.fim-6days.com\/#\/schema\/person\/fc80183700e96a22afb3f220ae03b32a\",\"name\":\"isalen\",\"image\":{\"@type\":\"ImageObject\",\"inLanguage\":\"es\",\"@id\":\"https:\/\/2023.fim-6days.com\/#\/schema\/person\/image\/\",\"url\":\"https:\/\/secure.gravatar.com\/avatar\/b498bfa446460353cfcc6e023d9c28e3e84ef3798b7f90c38b5d03254eed1837?s=96&d=mm&r=g\",\"contentUrl\":\"https:\/\/secure.gravatar.com\/avatar\/b498bfa446460353cfcc6e023d9c28e3e84ef3798b7f90c38b5d03254eed1837?s=96&d=mm&r=g\",\"caption\":\"isalen\"},\"url\":\"https:\/\/2023.fim-6days.com\/es\/author\/isalen\/\"}]}<\/script>\n<!-- \/ Yoast SEO plugin. -->","yoast_head_json":{"title":"La ceremonia de apertura se\u00f1ala el comienzo de los ISDE 2023 - FIM ISDE 2023","description":"-","robots":{"index":"index","follow":"follow","max-snippet":"max-snippet:-1","max-image-preview":"max-image-preview:large","max-video-preview":"max-video-preview:-1"},"canonical":"https:\/\/2023.fim-6days.com\/es\/la-ceremonia-de-apertura-senala-el-comienzo-de-los-isde-2023\/","og_locale":"es_ES","og_type":"article","og_title":"La ceremonia de apertura se\u00f1ala el comienzo de los ISDE 2023 - FIM ISDE 2023","og_description":"-","og_url":"https:\/\/2023.fim-6days.com\/es\/la-ceremonia-de-apertura-senala-el-comienzo-de-los-isde-2023\/","og_site_name":"FIM ISDE 2023","article_publisher":"https:\/\/www.facebook.com\/FIMISDE\/","article_published_time":"2023-11-07T10:11:46+00:00","article_modified_time":"2023-11-07T10:11:47+00:00","og_image":[{"width":4252,"height":2835,"url":"https:\/\/2023.fim-6days.com\/wp-content\/uploads\/sites\/8\/2023\/11\/Team-argentina-1.jpg","type":"image\/jpeg"}],"author":"isalen","twitter_card":"summary_large_image","twitter_creator":"@fimisde","twitter_site":"@fimisde","twitter_misc":{"Escrito por":"isalen","Tiempo de lectura":"5 minutos"},"schema":{"@context":"https:\/\/schema.org","@graph":[{"@type":"Article","@id":"https:\/\/2023.fim-6days.com\/es\/la-ceremonia-de-apertura-senala-el-comienzo-de-los-isde-2023\/#article","isPartOf":{"@id":"https:\/\/2023.fim-6days.com\/es\/la-ceremonia-de-apertura-senala-el-comienzo-de-los-isde-2023\/"},"author":{"name":"isalen","@id":"https:\/\/2023.fim-6days.com\/#\/schema\/person\/fc80183700e96a22afb3f220ae03b32a"},"headline":"La ceremonia de apertura se\u00f1ala el comienzo de los ISDE 2023","datePublished":"2023-11-07T10:11:46+00:00","dateModified":"2023-11-07T10:11:47+00:00","mainEntityOfPage":{"@id":"https:\/\/2023.fim-6days.com\/es\/la-ceremonia-de-apertura-senala-el-comienzo-de-los-isde-2023\/"},"wordCount":1816,"publisher":{"@id":"https:\/\/2023.fim-6days.com\/#organization"},"image":{"@id":"https:\/\/2023.fim-6days.com\/es\/la-ceremonia-de-apertura-senala-el-comienzo-de-los-isde-2023\/#primaryimage"},"thumbnailUrl":"https:\/\/2023.fim-6days.com\/wp-content\/uploads\/sites\/8\/2023\/11\/Team-argentina-1.jpg","articleSection":["Noticias"],"inLanguage":"es"},{"@type":"WebPage","@id":"https:\/\/2023.fim-6days.com\/es\/la-ceremonia-de-apertura-senala-el-comienzo-de-los-isde-2023\/","url":"https:\/\/2023.fim-6days.com\/es\/la-ceremonia-de-apertura-senala-el-comienzo-de-los-isde-2023\/","name":"La ceremonia de apertura se\u00f1ala el comienzo de los ISDE 2023 - FIM ISDE 2023","isPartOf":{"@id":"https:\/\/2023.fim-6days.com\/#website"},"primaryImageOfPage":{"@id":"https:\/\/2023.fim-6days.com\/es\/la-ceremonia-de-apertura-senala-el-comienzo-de-los-isde-2023\/#primaryimage"},"image":{"@id":"https:\/\/2023.fim-6days.com\/es\/la-ceremonia-de-apertura-senala-el-comienzo-de-los-isde-2023\/#primaryimage"},"thumbnailUrl":"https:\/\/2023.fim-6days.com\/wp-content\/uploads\/sites\/8\/2023\/11\/Team-argentina-1.jpg","datePublished":"2023-11-07T10:11:46+00:00","dateModified":"2023-11-07T10:11:47+00:00","description":"-","breadcrumb":{"@id":"https:\/\/2023.fim-6days.com\/es\/la-ceremonia-de-apertura-senala-el-comienzo-de-los-isde-2023\/#breadcrumb"},"inLanguage":"es","potentialAction":[{"@type":"ReadAction","target":["https:\/\/2023.fim-6days.com\/es\/la-ceremonia-de-apertura-senala-el-comienzo-de-los-isde-2023\/"]}]},{"@type":"ImageObject","inLanguage":"es","@id":"https:\/\/2023.fim-6days.com\/es\/la-ceremonia-de-apertura-senala-el-comienzo-de-los-isde-2023\/#primaryimage","url":"https:\/\/2023.fim-6days.com\/wp-content\/uploads\/sites\/8\/2023\/11\/Team-argentina-1.jpg","contentUrl":"https:\/\/2023.fim-6days.com\/wp-content\/uploads\/sites\/8\/2023\/11\/Team-argentina-1.jpg","width":4252,"height":2835,"caption":"FIM International Six Days' Enduro - 97th Edition - San Juan (Argentina) - Opening Ceremony, 04 November."},{"@type":"BreadcrumbList","@id":"https:\/\/2023.fim-6days.com\/es\/la-ceremonia-de-apertura-senala-el-comienzo-de-los-isde-2023\/#breadcrumb","itemListElement":[{"@type":"ListItem","position":1,"name":"Home","item":"https:\/\/2023.fim-6days.com\/es\/"},{"@type":"ListItem","position":2,"name":"La ceremonia de apertura se\u00f1ala el comienzo de los ISDE 2023"}]},{"@type":"WebSite","@id":"https:\/\/2023.fim-6days.com\/#website","url":"https:\/\/2023.fim-6days.com\/","name":"FIM ISDE 2021","description":"FIM ISDE Official website","publisher":{"@id":"https:\/\/2023.fim-6days.com\/#organization"},"potentialAction":[{"@type":"SearchAction","target":{"@type":"EntryPoint","urlTemplate":"https:\/\/2023.fim-6days.com\/?s={search_term_string}"},"query-input":{"@type":"PropertyValueSpecification","valueRequired":true,"valueName":"search_term_string"}}],"inLanguage":"es"},{"@type":"Organization","@id":"https:\/\/2023.fim-6days.com\/#organization","name":"FIM - F\u00e9d\u00e9ration Internationale de Motocyclisme","url":"https:\/\/2023.fim-6days.com\/","logo":{"@type":"ImageObject","inLanguage":"es","@id":"https:\/\/2023.fim-6days.com\/#\/schema\/logo\/image\/","url":"https:\/\/2023.fim-6days.com\/wp-content\/uploads\/sites\/8\/2019\/07\/LogoFIM-CMYK.png","contentUrl":"https:\/\/2023.fim-6days.com\/wp-content\/uploads\/sites\/8\/2019\/07\/LogoFIM-CMYK.png","width":2608,"height":1833,"caption":"FIM - F\u00e9d\u00e9ration Internationale de Motocyclisme"},"image":{"@id":"https:\/\/2023.fim-6days.com\/#\/schema\/logo\/image\/"},"sameAs":["https:\/\/www.facebook.com\/FIMISDE\/","https:\/\/x.com\/fimisde","https:\/\/www.instagram.com\/fim_isde\/"]},{"@type":"Person","@id":"https:\/\/2023.fim-6days.com\/#\/schema\/person\/fc80183700e96a22afb3f220ae03b32a","name":"isalen","image":{"@type":"ImageObject","inLanguage":"es","@id":"https:\/\/2023.fim-6days.com\/#\/schema\/person\/image\/","url":"https:\/\/secure.gravatar.com\/avatar\/b498bfa446460353cfcc6e023d9c28e3e84ef3798b7f90c38b5d03254eed1837?s=96&d=mm&r=g","contentUrl":"https:\/\/secure.gravatar.com\/avatar\/b498bfa446460353cfcc6e023d9c28e3e84ef3798b7f90c38b5d03254eed1837?s=96&d=mm&r=g","caption":"isalen"},"url":"https:\/\/2023.fim-6days.com\/es\/author\/isalen\/"}]}},"_links":{"self":[{"href":"https:\/\/2023.fim-6days.com\/es\/wp-json\/wp\/v2\/posts\/48588","targetHints":{"allow":["GET"]}}],"collection":[{"href":"https:\/\/2023.fim-6days.com\/es\/wp-json\/wp\/v2\/posts"}],"about":[{"href":"https:\/\/2023.fim-6days.com\/es\/wp-json\/wp\/v2\/types\/post"}],"author":[{"embeddable":true,"href":"https:\/\/2023.fim-6days.com\/es\/wp-json\/wp\/v2\/users\/14"}],"replies":[{"embeddable":true,"href":"https:\/\/2023.fim-6days.com\/es\/wp-json\/wp\/v2\/comments?post=48588"}],"version-history":[{"count":2,"href":"https:\/\/2023.fim-6days.com\/es\/wp-json\/wp\/v2\/posts\/48588\/revisions"}],"predecessor-version":[{"id":48651,"href":"https:\/\/2023.fim-6days.com\/es\/wp-json\/wp\/v2\/posts\/48588\/revisions\/48651"}],"wp:featuredmedia":[{"embeddable":true,"href":"https:\/\/2023.fim-6days.com\/es\/wp-json\/wp\/v2\/media\/48590"}],"wp:attachment":[{"href":"https:\/\/2023.fim-6days.com\/es\/wp-json\/wp\/v2\/media?parent=48588"}],"wp:term":[{"taxonomy":"category","embeddable":true,"href":"https:\/\/2023.fim-6days.com\/es\/wp-json\/wp\/v2\/categories?post=48588"},{"taxonomy":"post_tag","embeddable":true,"href":"https:\/\/2023.fim-6days.com\/es\/wp-json\/wp\/v2\/tags?post=48588"}],"curies":[{"name":"wp","href":"https:\/\/api.w.org\/{rel}","templated":true}]}}