{"id":48582,"date":"2023-11-04T19:52:54","date_gmt":"2023-11-04T18:52:54","guid":{"rendered":"https:\/\/2023.fim-6days.com\/espana-acogera-el-6days%ef%b8%8f-en-2024\/"},"modified":"2023-11-04T19:53:46","modified_gmt":"2023-11-04T18:53:46","slug":"espana-acogera-el-6days%ef%b8%8f-en-2024","status":"publish","type":"post","link":"https:\/\/2023.fim-6days.com\/es\/espana-acogera-el-6days%ef%b8%8f-en-2024\/","title":{"rendered":"\u00a1Espa\u00f1a acoger\u00e1 el 6DAYS\u00ae\ufe0f en 2024!"},"content":{"rendered":"<p><div class=\"fusion-fullwidth fullwidth-box fusion-builder-row-1 fusion-flex-container nonhundred-percent-fullwidth non-hundred-percent-height-scrolling\" style=\"--awb-border-radius-top-left:0px;--awb-border-radius-top-right:0px;--awb-border-radius-bottom-right:0px;--awb-border-radius-bottom-left:0px;--awb-padding-top:0px;--awb-padding-bottom:0px;--awb-flex-wrap:wrap;\" ><div class=\"fusion-builder-row fusion-row fusion-flex-align-items-flex-start fusion-flex-content-wrap\" style=\"max-width:1248px;margin-left: calc(-4% \/ 2 );margin-right: calc(-4% \/ 2 );\"><div class=\"fusion-layout-column fusion_builder_column fusion-builder-column-0 fusion_builder_column_1_1 1_1 fusion-flex-column\" style=\"--awb-padding-top:0px;--awb-padding-bottom:0px;--awb-bg-size:cover;--awb-width-large:100%;--awb-margin-top-large:0px;--awb-spacing-right-large:1.92%;--awb-margin-bottom-large:0px;--awb-spacing-left-large:1.92%;--awb-width-medium:100%;--awb-order-medium:0;--awb-spacing-right-medium:1.92%;--awb-spacing-left-medium:1.92%;--awb-width-small:100%;--awb-order-small:0;--awb-spacing-right-small:1.92%;--awb-spacing-left-small:1.92%;\"><div class=\"fusion-column-wrapper fusion-column-has-shadow fusion-flex-justify-content-flex-start fusion-content-layout-column\"><div class=\"fusion-text fusion-text-1\" style=\"--awb-text-transform:none;\"><p><strong>Los Seis D\u00edas Internacionales de Enduro de la FIM volver\u00e1n a Espa\u00f1a por quinta vez. Este pa\u00eds tan rico en enduro ya acogi\u00f3 el evento en 1970 en El Escorial, en 1985 en La Cerdanya, en 2000 en Granada y en 2016 en Navarra.<\/strong><\/p>\n<p>Tras la excelente presentaci\u00f3n realizada ayer por la RFME, la FIM da las gracias a la federaci\u00f3n nacional y seguir\u00e1 trabajando con todas las partes interesadas para determinar una fecha adecuada para el evento. Por lo tanto, en este momento no se ha acordado ni confirmado ninguna fecha para los ISDE de 2024.<\/p>\n<p>Nuevos anuncios en relaci\u00f3n con este ser\u00e1n comunicados lo antes posible.<\/p>\n<\/div><\/div><\/div><\/div><\/div><div class=\"fusion-fullwidth fullwidth-box fusion-builder-row-2 fusion-flex-container has-pattern-background has-mask-background nonhundred-percent-fullwidth non-hundred-percent-height-scrolling\" style=\"--awb-border-radius-top-left:0px;--awb-border-radius-top-right:0px;--awb-border-radius-bottom-right:0px;--awb-border-radius-bottom-left:0px;--awb-flex-wrap:wrap;\" ><div class=\"fusion-builder-row fusion-row fusion-flex-align-items-flex-start fusion-flex-content-wrap\" style=\"max-width:1248px;margin-left: calc(-4% \/ 2 );margin-right: calc(-4% \/ 2 );\"><div class=\"fusion-layout-column fusion_builder_column fusion-builder-column-1 fusion_builder_column_1_1 1_1 fusion-flex-column\" style=\"--awb-bg-size:cover;--awb-width-large:100%;--awb-margin-top-large:0px;--awb-spacing-right-large:1.92%;--awb-margin-bottom-large:20px;--awb-spacing-left-large:1.92%;--awb-width-medium:100%;--awb-order-medium:0;--awb-spacing-right-medium:1.92%;--awb-spacing-left-medium:1.92%;--awb-width-small:100%;--awb-order-small:0;--awb-spacing-right-small:1.92%;--awb-spacing-left-small:1.92%;\"><div class=\"fusion-column-wrapper fusion-column-has-shadow fusion-flex-justify-content-flex-start fusion-content-layout-column\"><div class=\"fusion-separator fusion-full-width-sep\" style=\"align-self: center;margin-left: auto;margin-right: auto;margin-bottom:20px;width:100%;\"><\/div>\n<\/div><\/div><\/div><\/div><\/p>\n","protected":false},"excerpt":{"rendered":"","protected":false},"author":14,"featured_media":48559,"comment_status":"open","ping_status":"open","sticky":false,"template":"","format":"standard","meta":{"inline_featured_image":false,"footnotes":""},"categories":[112,108],"tags":[],"class_list":["post-48582","post","type-post","status-publish","format-standard","has-post-thumbnail","hentry","category-before-isde2023-es","category-news-es"],"yoast_head":"<!-- This site is optimized with the Yoast SEO plugin v25.6 - https:\/\/yoast.com\/wordpress\/plugins\/seo\/ -->\n<title>\u00a1Espa\u00f1a acoger\u00e1 el 6DAYS\u00ae\ufe0f en 2024! - FIM ISDE 2023<\/title>\n<meta name=\"description\" content=\"The FIM International Six Days&#039; Enduro will return to Spain for the fifth occasion, with this enduro rich country having previously hosted the event in 1970 \u2013 El Escorial, 1985 \u2013 Alp, 2000 \u2013 Granada and 2016 \u2013 Navarra.\" \/>\n<meta name=\"robots\" content=\"index, follow, max-snippet:-1, max-image-preview:large, max-video-preview:-1\" \/>\n<link rel=\"canonical\" href=\"https:\/\/2023.fim-6days.com\/es\/espana-acogera-el-6days\ufe0f-en-2024\/\" \/>\n<meta property=\"og:locale\" content=\"es_ES\" \/>\n<meta property=\"og:type\" content=\"article\" \/>\n<meta property=\"og:title\" content=\"\u00a1Espa\u00f1a acoger\u00e1 el 6DAYS\u00ae\ufe0f en 2024! - FIM ISDE 2023\" \/>\n<meta property=\"og:description\" content=\"The FIM International Six Days&#039; Enduro will return to Spain for the fifth occasion, with this enduro rich country having previously hosted the event in 1970 \u2013 El Escorial, 1985 \u2013 Alp, 2000 \u2013 Granada and 2016 \u2013 Navarra.\" \/>\n<meta property=\"og:url\" content=\"https:\/\/2023.fim-6days.com\/es\/espana-acogera-el-6days\ufe0f-en-2024\/\" \/>\n<meta property=\"og:site_name\" content=\"FIM ISDE 2023\" \/>\n<meta property=\"article:publisher\" content=\"https:\/\/www.facebook.com\/FIMISDE\/\" \/>\n<meta property=\"article:published_time\" content=\"2023-11-04T18:52:54+00:00\" \/>\n<meta property=\"article:modified_time\" content=\"2023-11-04T18:53:46+00:00\" \/>\n<meta property=\"og:image\" content=\"https:\/\/2023.fim-6days.com\/wp-content\/uploads\/sites\/8\/2023\/11\/WhatsApp-Image-2023-11-04-at-16.32.36.jpeg\" \/>\n\t<meta property=\"og:image:width\" content=\"1597\" \/>\n\t<meta property=\"og:image:height\" content=\"1024\" \/>\n\t<meta property=\"og:image:type\" content=\"image\/jpeg\" \/>\n<meta name=\"author\" content=\"isalen\" \/>\n<meta name=\"twitter:card\" content=\"summary_large_image\" \/>\n<meta name=\"twitter:creator\" content=\"@fimisde\" \/>\n<meta name=\"twitter:site\" content=\"@fimisde\" \/>\n<meta name=\"twitter:label1\" content=\"Escrito por\" \/>\n\t<meta name=\"twitter:data1\" content=\"isalen\" \/>\n\t<meta name=\"twitter:label2\" content=\"Tiempo de lectura\" \/>\n\t<meta name=\"twitter:data2\" content=\"3 minutos\" \/>\n<script type=\"application\/ld+json\" class=\"yoast-schema-graph\">{\"@context\":\"https:\/\/schema.org\",\"@graph\":[{\"@type\":\"Article\",\"@id\":\"https:\/\/2023.fim-6days.com\/es\/espana-acogera-el-6days%ef%b8%8f-en-2024\/#article\",\"isPartOf\":{\"@id\":\"https:\/\/2023.fim-6days.com\/es\/espana-acogera-el-6days%ef%b8%8f-en-2024\/\"},\"author\":{\"name\":\"isalen\",\"@id\":\"https:\/\/2023.fim-6days.com\/#\/schema\/person\/fc80183700e96a22afb3f220ae03b32a\"},\"headline\":\"\u00a1Espa\u00f1a acoger\u00e1 el 6DAYS\u00ae\ufe0f en 2024!\",\"datePublished\":\"2023-11-04T18:52:54+00:00\",\"dateModified\":\"2023-11-04T18:53:46+00:00\",\"mainEntityOfPage\":{\"@id\":\"https:\/\/2023.fim-6days.com\/es\/espana-acogera-el-6days%ef%b8%8f-en-2024\/\"},\"wordCount\":1480,\"commentCount\":0,\"publisher\":{\"@id\":\"https:\/\/2023.fim-6days.com\/#organization\"},\"image\":{\"@id\":\"https:\/\/2023.fim-6days.com\/es\/espana-acogera-el-6days%ef%b8%8f-en-2024\/#primaryimage\"},\"thumbnailUrl\":\"https:\/\/2023.fim-6days.com\/wp-content\/uploads\/sites\/8\/2023\/11\/WhatsApp-Image-2023-11-04-at-16.32.36.jpeg\",\"articleSection\":[\"Antes de ISDE2023\",\"Noticias\"],\"inLanguage\":\"es\",\"potentialAction\":[{\"@type\":\"CommentAction\",\"name\":\"Comment\",\"target\":[\"https:\/\/2023.fim-6days.com\/es\/espana-acogera-el-6days%ef%b8%8f-en-2024\/#respond\"]}]},{\"@type\":\"WebPage\",\"@id\":\"https:\/\/2023.fim-6days.com\/es\/espana-acogera-el-6days%ef%b8%8f-en-2024\/\",\"url\":\"https:\/\/2023.fim-6days.com\/es\/espana-acogera-el-6days%ef%b8%8f-en-2024\/\",\"name\":\"\u00a1Espa\u00f1a acoger\u00e1 el 6DAYS\u00ae\ufe0f en 2024! - FIM ISDE 2023\",\"isPartOf\":{\"@id\":\"https:\/\/2023.fim-6days.com\/#website\"},\"primaryImageOfPage\":{\"@id\":\"https:\/\/2023.fim-6days.com\/es\/espana-acogera-el-6days%ef%b8%8f-en-2024\/#primaryimage\"},\"image\":{\"@id\":\"https:\/\/2023.fim-6days.com\/es\/espana-acogera-el-6days%ef%b8%8f-en-2024\/#primaryimage\"},\"thumbnailUrl\":\"https:\/\/2023.fim-6days.com\/wp-content\/uploads\/sites\/8\/2023\/11\/WhatsApp-Image-2023-11-04-at-16.32.36.jpeg\",\"datePublished\":\"2023-11-04T18:52:54+00:00\",\"dateModified\":\"2023-11-04T18:53:46+00:00\",\"description\":\"The FIM International Six Days' Enduro will return to Spain for the fifth occasion, with this enduro rich country having previously hosted the event in 1970 \u2013 El Escorial, 1985 \u2013 Alp, 2000 \u2013 Granada and 2016 \u2013 Navarra.\",\"breadcrumb\":{\"@id\":\"https:\/\/2023.fim-6days.com\/es\/espana-acogera-el-6days%ef%b8%8f-en-2024\/#breadcrumb\"},\"inLanguage\":\"es\",\"potentialAction\":[{\"@type\":\"ReadAction\",\"target\":[\"https:\/\/2023.fim-6days.com\/es\/espana-acogera-el-6days%ef%b8%8f-en-2024\/\"]}]},{\"@type\":\"ImageObject\",\"inLanguage\":\"es\",\"@id\":\"https:\/\/2023.fim-6days.com\/es\/espana-acogera-el-6days%ef%b8%8f-en-2024\/#primaryimage\",\"url\":\"https:\/\/2023.fim-6days.com\/wp-content\/uploads\/sites\/8\/2023\/11\/WhatsApp-Image-2023-11-04-at-16.32.36.jpeg\",\"contentUrl\":\"https:\/\/2023.fim-6days.com\/wp-content\/uploads\/sites\/8\/2023\/11\/WhatsApp-Image-2023-11-04-at-16.32.36.jpeg\",\"width\":1597,\"height\":1024},{\"@type\":\"BreadcrumbList\",\"@id\":\"https:\/\/2023.fim-6days.com\/es\/espana-acogera-el-6days%ef%b8%8f-en-2024\/#breadcrumb\",\"itemListElement\":[{\"@type\":\"ListItem\",\"position\":1,\"name\":\"Home\",\"item\":\"https:\/\/2023.fim-6days.com\/es\/\"},{\"@type\":\"ListItem\",\"position\":2,\"name\":\"\u00a1Espa\u00f1a acoger\u00e1 el 6DAYS\u00ae\ufe0f en 2024!\"}]},{\"@type\":\"WebSite\",\"@id\":\"https:\/\/2023.fim-6days.com\/#website\",\"url\":\"https:\/\/2023.fim-6days.com\/\",\"name\":\"FIM ISDE 2021\",\"description\":\"FIM ISDE Official website\",\"publisher\":{\"@id\":\"https:\/\/2023.fim-6days.com\/#organization\"},\"potentialAction\":[{\"@type\":\"SearchAction\",\"target\":{\"@type\":\"EntryPoint\",\"urlTemplate\":\"https:\/\/2023.fim-6days.com\/?s={search_term_string}\"},\"query-input\":{\"@type\":\"PropertyValueSpecification\",\"valueRequired\":true,\"valueName\":\"search_term_string\"}}],\"inLanguage\":\"es\"},{\"@type\":\"Organization\",\"@id\":\"https:\/\/2023.fim-6days.com\/#organization\",\"name\":\"FIM - F\u00e9d\u00e9ration Internationale de Motocyclisme\",\"url\":\"https:\/\/2023.fim-6days.com\/\",\"logo\":{\"@type\":\"ImageObject\",\"inLanguage\":\"es\",\"@id\":\"https:\/\/2023.fim-6days.com\/#\/schema\/logo\/image\/\",\"url\":\"https:\/\/2023.fim-6days.com\/wp-content\/uploads\/sites\/8\/2019\/07\/LogoFIM-CMYK.png\",\"contentUrl\":\"https:\/\/2023.fim-6days.com\/wp-content\/uploads\/sites\/8\/2019\/07\/LogoFIM-CMYK.png\",\"width\":2608,\"height\":1833,\"caption\":\"FIM - F\u00e9d\u00e9ration Internationale de Motocyclisme\"},\"image\":{\"@id\":\"https:\/\/2023.fim-6days.com\/#\/schema\/logo\/image\/\"},\"sameAs\":[\"https:\/\/www.facebook.com\/FIMISDE\/\",\"https:\/\/x.com\/fimisde\",\"https:\/\/www.instagram.com\/fim_isde\/\"]},{\"@type\":\"Person\",\"@id\":\"https:\/\/2023.fim-6days.com\/#\/schema\/person\/fc80183700e96a22afb3f220ae03b32a\",\"name\":\"isalen\",\"image\":{\"@type\":\"ImageObject\",\"inLanguage\":\"es\",\"@id\":\"https:\/\/2023.fim-6days.com\/#\/schema\/person\/image\/\",\"url\":\"https:\/\/secure.gravatar.com\/avatar\/b498bfa446460353cfcc6e023d9c28e3e84ef3798b7f90c38b5d03254eed1837?s=96&d=mm&r=g\",\"contentUrl\":\"https:\/\/secure.gravatar.com\/avatar\/b498bfa446460353cfcc6e023d9c28e3e84ef3798b7f90c38b5d03254eed1837?s=96&d=mm&r=g\",\"caption\":\"isalen\"},\"url\":\"https:\/\/2023.fim-6days.com\/es\/author\/isalen\/\"}]}<\/script>\n<!-- \/ Yoast SEO plugin. -->","yoast_head_json":{"title":"\u00a1Espa\u00f1a acoger\u00e1 el 6DAYS\u00ae\ufe0f en 2024! - FIM ISDE 2023","description":"The FIM International Six Days' Enduro will return to Spain for the fifth occasion, with this enduro rich country having previously hosted the event in 1970 \u2013 El Escorial, 1985 \u2013 Alp, 2000 \u2013 Granada and 2016 \u2013 Navarra.","robots":{"index":"index","follow":"follow","max-snippet":"max-snippet:-1","max-image-preview":"max-image-preview:large","max-video-preview":"max-video-preview:-1"},"canonical":"https:\/\/2023.fim-6days.com\/es\/espana-acogera-el-6days\ufe0f-en-2024\/","og_locale":"es_ES","og_type":"article","og_title":"\u00a1Espa\u00f1a acoger\u00e1 el 6DAYS\u00ae\ufe0f en 2024! - FIM ISDE 2023","og_description":"The FIM International Six Days' Enduro will return to Spain for the fifth occasion, with this enduro rich country having previously hosted the event in 1970 \u2013 El Escorial, 1985 \u2013 Alp, 2000 \u2013 Granada and 2016 \u2013 Navarra.","og_url":"https:\/\/2023.fim-6days.com\/es\/espana-acogera-el-6days\ufe0f-en-2024\/","og_site_name":"FIM ISDE 2023","article_publisher":"https:\/\/www.facebook.com\/FIMISDE\/","article_published_time":"2023-11-04T18:52:54+00:00","article_modified_time":"2023-11-04T18:53:46+00:00","og_image":[{"width":1597,"height":1024,"url":"https:\/\/2023.fim-6days.com\/wp-content\/uploads\/sites\/8\/2023\/11\/WhatsApp-Image-2023-11-04-at-16.32.36.jpeg","type":"image\/jpeg"}],"author":"isalen","twitter_card":"summary_large_image","twitter_creator":"@fimisde","twitter_site":"@fimisde","twitter_misc":{"Escrito por":"isalen","Tiempo de lectura":"3 minutos"},"schema":{"@context":"https:\/\/schema.org","@graph":[{"@type":"Article","@id":"https:\/\/2023.fim-6days.com\/es\/espana-acogera-el-6days%ef%b8%8f-en-2024\/#article","isPartOf":{"@id":"https:\/\/2023.fim-6days.com\/es\/espana-acogera-el-6days%ef%b8%8f-en-2024\/"},"author":{"name":"isalen","@id":"https:\/\/2023.fim-6days.com\/#\/schema\/person\/fc80183700e96a22afb3f220ae03b32a"},"headline":"\u00a1Espa\u00f1a acoger\u00e1 el 6DAYS\u00ae\ufe0f en 2024!","datePublished":"2023-11-04T18:52:54+00:00","dateModified":"2023-11-04T18:53:46+00:00","mainEntityOfPage":{"@id":"https:\/\/2023.fim-6days.com\/es\/espana-acogera-el-6days%ef%b8%8f-en-2024\/"},"wordCount":1480,"commentCount":0,"publisher":{"@id":"https:\/\/2023.fim-6days.com\/#organization"},"image":{"@id":"https:\/\/2023.fim-6days.com\/es\/espana-acogera-el-6days%ef%b8%8f-en-2024\/#primaryimage"},"thumbnailUrl":"https:\/\/2023.fim-6days.com\/wp-content\/uploads\/sites\/8\/2023\/11\/WhatsApp-Image-2023-11-04-at-16.32.36.jpeg","articleSection":["Antes de ISDE2023","Noticias"],"inLanguage":"es","potentialAction":[{"@type":"CommentAction","name":"Comment","target":["https:\/\/2023.fim-6days.com\/es\/espana-acogera-el-6days%ef%b8%8f-en-2024\/#respond"]}]},{"@type":"WebPage","@id":"https:\/\/2023.fim-6days.com\/es\/espana-acogera-el-6days%ef%b8%8f-en-2024\/","url":"https:\/\/2023.fim-6days.com\/es\/espana-acogera-el-6days%ef%b8%8f-en-2024\/","name":"\u00a1Espa\u00f1a acoger\u00e1 el 6DAYS\u00ae\ufe0f en 2024! - FIM ISDE 2023","isPartOf":{"@id":"https:\/\/2023.fim-6days.com\/#website"},"primaryImageOfPage":{"@id":"https:\/\/2023.fim-6days.com\/es\/espana-acogera-el-6days%ef%b8%8f-en-2024\/#primaryimage"},"image":{"@id":"https:\/\/2023.fim-6days.com\/es\/espana-acogera-el-6days%ef%b8%8f-en-2024\/#primaryimage"},"thumbnailUrl":"https:\/\/2023.fim-6days.com\/wp-content\/uploads\/sites\/8\/2023\/11\/WhatsApp-Image-2023-11-04-at-16.32.36.jpeg","datePublished":"2023-11-04T18:52:54+00:00","dateModified":"2023-11-04T18:53:46+00:00","description":"The FIM International Six Days' Enduro will return to Spain for the fifth occasion, with this enduro rich country having previously hosted the event in 1970 \u2013 El Escorial, 1985 \u2013 Alp, 2000 \u2013 Granada and 2016 \u2013 Navarra.","breadcrumb":{"@id":"https:\/\/2023.fim-6days.com\/es\/espana-acogera-el-6days%ef%b8%8f-en-2024\/#breadcrumb"},"inLanguage":"es","potentialAction":[{"@type":"ReadAction","target":["https:\/\/2023.fim-6days.com\/es\/espana-acogera-el-6days%ef%b8%8f-en-2024\/"]}]},{"@type":"ImageObject","inLanguage":"es","@id":"https:\/\/2023.fim-6days.com\/es\/espana-acogera-el-6days%ef%b8%8f-en-2024\/#primaryimage","url":"https:\/\/2023.fim-6days.com\/wp-content\/uploads\/sites\/8\/2023\/11\/WhatsApp-Image-2023-11-04-at-16.32.36.jpeg","contentUrl":"https:\/\/2023.fim-6days.com\/wp-content\/uploads\/sites\/8\/2023\/11\/WhatsApp-Image-2023-11-04-at-16.32.36.jpeg","width":1597,"height":1024},{"@type":"BreadcrumbList","@id":"https:\/\/2023.fim-6days.com\/es\/espana-acogera-el-6days%ef%b8%8f-en-2024\/#breadcrumb","itemListElement":[{"@type":"ListItem","position":1,"name":"Home","item":"https:\/\/2023.fim-6days.com\/es\/"},{"@type":"ListItem","position":2,"name":"\u00a1Espa\u00f1a acoger\u00e1 el 6DAYS\u00ae\ufe0f en 2024!"}]},{"@type":"WebSite","@id":"https:\/\/2023.fim-6days.com\/#website","url":"https:\/\/2023.fim-6days.com\/","name":"FIM ISDE 2021","description":"FIM ISDE Official website","publisher":{"@id":"https:\/\/2023.fim-6days.com\/#organization"},"potentialAction":[{"@type":"SearchAction","target":{"@type":"EntryPoint","urlTemplate":"https:\/\/2023.fim-6days.com\/?s={search_term_string}"},"query-input":{"@type":"PropertyValueSpecification","valueRequired":true,"valueName":"search_term_string"}}],"inLanguage":"es"},{"@type":"Organization","@id":"https:\/\/2023.fim-6days.com\/#organization","name":"FIM - F\u00e9d\u00e9ration Internationale de Motocyclisme","url":"https:\/\/2023.fim-6days.com\/","logo":{"@type":"ImageObject","inLanguage":"es","@id":"https:\/\/2023.fim-6days.com\/#\/schema\/logo\/image\/","url":"https:\/\/2023.fim-6days.com\/wp-content\/uploads\/sites\/8\/2019\/07\/LogoFIM-CMYK.png","contentUrl":"https:\/\/2023.fim-6days.com\/wp-content\/uploads\/sites\/8\/2019\/07\/LogoFIM-CMYK.png","width":2608,"height":1833,"caption":"FIM - F\u00e9d\u00e9ration Internationale de Motocyclisme"},"image":{"@id":"https:\/\/2023.fim-6days.com\/#\/schema\/logo\/image\/"},"sameAs":["https:\/\/www.facebook.com\/FIMISDE\/","https:\/\/x.com\/fimisde","https:\/\/www.instagram.com\/fim_isde\/"]},{"@type":"Person","@id":"https:\/\/2023.fim-6days.com\/#\/schema\/person\/fc80183700e96a22afb3f220ae03b32a","name":"isalen","image":{"@type":"ImageObject","inLanguage":"es","@id":"https:\/\/2023.fim-6days.com\/#\/schema\/person\/image\/","url":"https:\/\/secure.gravatar.com\/avatar\/b498bfa446460353cfcc6e023d9c28e3e84ef3798b7f90c38b5d03254eed1837?s=96&d=mm&r=g","contentUrl":"https:\/\/secure.gravatar.com\/avatar\/b498bfa446460353cfcc6e023d9c28e3e84ef3798b7f90c38b5d03254eed1837?s=96&d=mm&r=g","caption":"isalen"},"url":"https:\/\/2023.fim-6days.com\/es\/author\/isalen\/"}]}},"_links":{"self":[{"href":"https:\/\/2023.fim-6days.com\/es\/wp-json\/wp\/v2\/posts\/48582","targetHints":{"allow":["GET"]}}],"collection":[{"href":"https:\/\/2023.fim-6days.com\/es\/wp-json\/wp\/v2\/posts"}],"about":[{"href":"https:\/\/2023.fim-6days.com\/es\/wp-json\/wp\/v2\/types\/post"}],"author":[{"embeddable":true,"href":"https:\/\/2023.fim-6days.com\/es\/wp-json\/wp\/v2\/users\/14"}],"replies":[{"embeddable":true,"href":"https:\/\/2023.fim-6days.com\/es\/wp-json\/wp\/v2\/comments?post=48582"}],"version-history":[{"count":1,"href":"https:\/\/2023.fim-6days.com\/es\/wp-json\/wp\/v2\/posts\/48582\/revisions"}],"predecessor-version":[{"id":48583,"href":"https:\/\/2023.fim-6days.com\/es\/wp-json\/wp\/v2\/posts\/48582\/revisions\/48583"}],"wp:featuredmedia":[{"embeddable":true,"href":"https:\/\/2023.fim-6days.com\/es\/wp-json\/wp\/v2\/media\/48559"}],"wp:attachment":[{"href":"https:\/\/2023.fim-6days.com\/es\/wp-json\/wp\/v2\/media?parent=48582"}],"wp:term":[{"taxonomy":"category","embeddable":true,"href":"https:\/\/2023.fim-6days.com\/es\/wp-json\/wp\/v2\/categories?post=48582"},{"taxonomy":"post_tag","embeddable":true,"href":"https:\/\/2023.fim-6days.com\/es\/wp-json\/wp\/v2\/tags?post=48582"}],"curies":[{"name":"wp","href":"https:\/\/api.w.org\/{rel}","templated":true}]}}