{"id":48579,"date":"2023-11-04T18:49:17","date_gmt":"2023-11-04T17:49:17","guid":{"rendered":"https:\/\/2023.fim-6days.com\/watch-6days-live-plus-studio-show-on-fim-moto-tv\/"},"modified":"2023-11-04T18:54:15","modified_gmt":"2023-11-04T17:54:15","slug":"mira-el-6days-live-y-el-programa-de-estudio-en-fim-moto-tv","status":"publish","type":"post","link":"https:\/\/2023.fim-6days.com\/es\/mira-el-6days-live-y-el-programa-de-estudio-en-fim-moto-tv\/","title":{"rendered":"Mir\u00e1 el 6DAYS\u00ae LIVE y el programa de estudio en FIM-MOTO.TV"},"content":{"rendered":"<p><div class=\"fusion-fullwidth fullwidth-box fusion-builder-row-1 fusion-flex-container nonhundred-percent-fullwidth non-hundred-percent-height-scrolling\" style=\"--awb-border-radius-top-left:0px;--awb-border-radius-top-right:0px;--awb-border-radius-bottom-right:0px;--awb-border-radius-bottom-left:0px;--awb-padding-top:0px;--awb-padding-bottom:0px;--awb-flex-wrap:wrap;\" ><div class=\"fusion-builder-row fusion-row fusion-flex-align-items-flex-start fusion-flex-content-wrap\" style=\"max-width:1248px;margin-left: calc(-4% \/ 2 );margin-right: calc(-4% \/ 2 );\"><div class=\"fusion-layout-column fusion_builder_column fusion-builder-column-0 fusion_builder_column_1_1 1_1 fusion-flex-column\" style=\"--awb-padding-top:0px;--awb-padding-bottom:0px;--awb-bg-size:cover;--awb-width-large:100%;--awb-margin-top-large:0px;--awb-spacing-right-large:1.92%;--awb-margin-bottom-large:0px;--awb-spacing-left-large:1.92%;--awb-width-medium:100%;--awb-order-medium:0;--awb-spacing-right-medium:1.92%;--awb-spacing-left-medium:1.92%;--awb-width-small:100%;--awb-order-small:0;--awb-spacing-right-small:1.92%;--awb-spacing-left-small:1.92%;\"><div class=\"fusion-column-wrapper fusion-column-has-shadow fusion-flex-justify-content-flex-start fusion-content-layout-column\"><div class=\"fusion-text fusion-text-1\" style=\"--awb-text-transform:none;\"><p>A pocos d\u00edas de los Seis D\u00edas Internacionales de Enduro (ISDE) 2023 de la FIM en San Juan, Argentina, que se celebrar\u00e1 del 6 al 11 de noviembre, la FIM se complace en anunciar que los aficionados de todo el mundo podr\u00e1n ver la carrera de Enduro m\u00e1s importante del a\u00f1o EN DIRECTO en FIM-MOTO.TV, adem\u00e1s de poder disfrutar tambi\u00e9n del nuevo programa de estudio diario.<\/p>\n<p>Para ver el SHOW EN DIRECTO totalmente GRATIS \u2013 Reg\u00edstrate aqu\u00ed ahora!<\/p>\n<p>El acceso gratuito cubre los d\u00edas 1 y 2, y el acceso a partir del d\u00eda 3 comienza a partir de tan s\u00f3lo 4,90 \u20ac, por lo que tienes la oportunidad de probar antes de comprar. Visita FIM MOTO-TV para obtener todos los detalles.<\/p>\n<p><strong>PAQUETES DISPONIBLES<\/strong> para seguir el FIM ISDE 2023 LIVE en FIM MOTO-TV:<br \/>\n\u2022 <strong>PAQUETE STUDIO SHOW EN VIVO<\/strong> &#8211; Incluye pase para ver el Live Studio Show los d\u00edas 3 &#8211; 4 &#8211; 5 de 6DAYS\u00ae &#8211; PRECIO 4.90\u20ac.<br \/>\n\u2022 <strong>PASE PARA EL CROSS TEST FINAL EN VIVO<\/strong> &#8211; Incluye pase para ver el Cross Test final de 6DAYS\u00ae en directo el d\u00eda 6 &#8211; PRECIO 7.90\u20ac<br \/>\n\u2022 <strong>PAQUETE PREMIUM 6DAYS\u00ae<\/strong> &#8211; Incluye pase al PAQUETE STUDIO SHOW EN VIVO y PASE PARA CROSS TEST FINAL EN VIVO. Esta es una oferta especial que s\u00f3lo es v\u00e1lida para un n\u00famero limitado de ventas &#8211; PRECIO 9.90\u20ac.<\/p>\n<p><strong>\u00bfQU\u00c9 INCLUIR\u00c1 EL PROGRAMA DE ESTUDIO EN VIVO?<\/strong><br \/>\nEntrevistas en directo con los pilotos apenas termine la jornada de carreras. Todos los d\u00edas, dos pilotos del Trofeo del Mundo, dos del Trofeo J\u00fanior y dos del Trofeo del Mundo Femenino, adem\u00e1s de invitados especiales y an\u00e1lisis de la jornada de carreras junto con expertos del sector, y valoraci\u00f3n de las pruebas especiales del d\u00eda.<\/p>\n<p><strong>\u00bfQU\u00c9 INCLUIR\u00c1 LA PRUEBA DE CROSS EN VIVO?<\/strong><br \/>\nRetransmisi\u00f3n completa en directo de la \u00faltima prueba de cross de los 6DAYS\u00ae el s\u00e1bado 11\/11\/2023. Familiares, amigos, patrocinadores y aficionados podr\u00e1n ver todas las categor\u00edas: Club Team Award, Women&#8217;s World Trophy, Junior Trophy y World Trophy mientras completan este evento hist\u00f3rico, adem\u00e1s de entrevistas en directo tras la carrera y tambi\u00e9n la ceremonia oficial de entrega de premios de 6DAYS\u00ae.<\/p>\n<p><strong>CU\u00c1NDO MIRAR<\/strong><br \/>\nLunes 6\/11\/2023 \u2013 <strong>ACCESO GRATUITO<\/strong><br \/>\nPROGRAMA DE ESTUDIO EN VIVO desde FIM ISDE 2023 Argentina &#8211; San Juan; Transmisi\u00f3n en directo a partir de las 21:30 CEST\/ 17:30 ART<br \/>\nMartes 7\/11\/2023 \u2013 <strong>ACCESO GRATUITO<\/strong><br \/>\nPROGRAMA DE ESTUDIO EN VIVO desde FIM ISDE 2023 Argentina &#8211; San Juan; Transmisi\u00f3n en directo a partir de las 21:30 CEST\/ 17:30 ART<br \/>\nMI\u00e9rcoles 8\/11\/2023<br \/>\nPROGRAMA DE ESTUDIO EN VIVO desde FIM ISDE 2023 Argentina &#8211; San Juan; Transmisi\u00f3n en directo a partir de las 21:30 CEST\/ 17:30 ART<br \/>\nJueves 9\/11\/2023<br \/>\nPROGRAMA DE ESTUDIO EN VIVO desde FIM ISDE 2023 Argentina &#8211; San Juan; Transmisi\u00f3n en directo a partir de las 21:30 CEST\/ 17:30 ART<br \/>\nViernes 10\/11\/2023<br \/>\nPROGRAMA DE ESTUDIO EN VIVO desde FIM ISDE 2023 Argentina &#8211; San Juan; Transmisi\u00f3n en directo a partir de las 21:30 CEST\/ 17:30 ART<br \/>\nS\u00e1bado 11\/11\/2023<br \/>\nPROGRAMA DE ESTUDIO EN VIVO desde FIM ISDE 2023 Argentina &#8211; San Juan; Transmisi\u00f3n en directo a partir de las 21:30 CEST\/ 17:30 ART<\/p>\n<p>Acceso desde tan s\u00f3lo 4.90\u20ac &#8211; REG\u00cdSTRATE EN <a href=\"https:\/\/fim-moto.tv\/\">FIM-MOTO.TV<\/a> AHORA<\/p>\n<\/div><\/div><\/div><\/div><\/div><div class=\"fusion-fullwidth fullwidth-box fusion-builder-row-2 fusion-flex-container has-pattern-background has-mask-background nonhundred-percent-fullwidth non-hundred-percent-height-scrolling\" style=\"--awb-border-radius-top-left:0px;--awb-border-radius-top-right:0px;--awb-border-radius-bottom-right:0px;--awb-border-radius-bottom-left:0px;--awb-flex-wrap:wrap;\" ><div class=\"fusion-builder-row fusion-row fusion-flex-align-items-flex-start fusion-flex-content-wrap\" style=\"max-width:1248px;margin-left: calc(-4% \/ 2 );margin-right: calc(-4% \/ 2 );\"><div class=\"fusion-layout-column fusion_builder_column fusion-builder-column-1 fusion_builder_column_1_1 1_1 fusion-flex-column\" style=\"--awb-bg-size:cover;--awb-width-large:100%;--awb-margin-top-large:0px;--awb-spacing-right-large:1.92%;--awb-margin-bottom-large:20px;--awb-spacing-left-large:1.92%;--awb-width-medium:100%;--awb-order-medium:0;--awb-spacing-right-medium:1.92%;--awb-spacing-left-medium:1.92%;--awb-width-small:100%;--awb-order-small:0;--awb-spacing-right-small:1.92%;--awb-spacing-left-small:1.92%;\"><div class=\"fusion-column-wrapper fusion-column-has-shadow fusion-flex-justify-content-flex-start fusion-content-layout-column\"><div class=\"fusion-separator fusion-full-width-sep\" style=\"align-self: center;margin-left: auto;margin-right: auto;margin-bottom:20px;width:100%;\"><\/div>\n<\/div><\/div><\/div><\/div><\/p>\n","protected":false},"excerpt":{"rendered":"","protected":false},"author":14,"featured_media":48522,"comment_status":"closed","ping_status":"closed","sticky":false,"template":"","format":"standard","meta":{"inline_featured_image":false,"footnotes":""},"categories":[112,108],"tags":[],"class_list":["post-48579","post","type-post","status-publish","format-standard","has-post-thumbnail","hentry","category-before-isde2023-es","category-news-es"],"yoast_head":"<!-- This site is optimized with the Yoast SEO plugin v25.6 - https:\/\/yoast.com\/wordpress\/plugins\/seo\/ -->\n<title>Mir\u00e1 el 6DAYS\u00ae LIVE y el programa de estudio en FIM-MOTO.TV - FIM ISDE 2023<\/title>\n<meta name=\"description\" content=\"Now just days away from the 2023 FIM International Six Day\u2019s Enduro (ISDE) in San Juan, Argentina \u2013 which will run from 6 to 11 November \u2013 the FIM is delighted to announce that fans around the globe will be able to watch the most important Enduro race of the year LIVE on FIM Moto-TV, plus be able to enjoy the new daily studio show too.\" \/>\n<meta name=\"robots\" content=\"index, follow, max-snippet:-1, max-image-preview:large, max-video-preview:-1\" \/>\n<link rel=\"canonical\" href=\"https:\/\/2023.fim-6days.com\/es\/mira-el-6days-live-y-el-programa-de-estudio-en-fim-moto-tv\/\" \/>\n<meta property=\"og:locale\" content=\"es_ES\" \/>\n<meta property=\"og:type\" content=\"article\" \/>\n<meta property=\"og:title\" content=\"Mir\u00e1 el 6DAYS\u00ae LIVE y el programa de estudio en FIM-MOTO.TV - FIM ISDE 2023\" \/>\n<meta property=\"og:description\" content=\"Now just days away from the 2023 FIM International Six Day\u2019s Enduro (ISDE) in San Juan, Argentina \u2013 which will run from 6 to 11 November \u2013 the FIM is delighted to announce that fans around the globe will be able to watch the most important Enduro race of the year LIVE on FIM Moto-TV, plus be able to enjoy the new daily studio show too.\" \/>\n<meta property=\"og:url\" content=\"https:\/\/2023.fim-6days.com\/es\/mira-el-6days-live-y-el-programa-de-estudio-en-fim-moto-tv\/\" \/>\n<meta property=\"og:site_name\" content=\"FIM ISDE 2023\" \/>\n<meta property=\"article:publisher\" content=\"https:\/\/www.facebook.com\/FIMISDE\/\" \/>\n<meta property=\"article:published_time\" content=\"2023-11-04T17:49:17+00:00\" \/>\n<meta property=\"article:modified_time\" content=\"2023-11-04T17:54:15+00:00\" \/>\n<meta property=\"og:image\" content=\"https:\/\/2023.fim-6days.com\/wp-content\/uploads\/sites\/8\/2023\/11\/csm_ISDE_FIM-MOTO.TV_722fa5bdae.jpg\" \/>\n\t<meta property=\"og:image:width\" content=\"1040\" \/>\n\t<meta property=\"og:image:height\" content=\"452\" \/>\n\t<meta property=\"og:image:type\" content=\"image\/jpeg\" \/>\n<meta name=\"author\" content=\"isalen\" \/>\n<meta name=\"twitter:card\" content=\"summary_large_image\" \/>\n<meta name=\"twitter:creator\" content=\"@fimisde\" \/>\n<meta name=\"twitter:site\" content=\"@fimisde\" \/>\n<meta name=\"twitter:label1\" content=\"Escrito por\" \/>\n\t<meta name=\"twitter:data1\" content=\"isalen\" \/>\n\t<meta name=\"twitter:label2\" content=\"Tiempo de lectura\" \/>\n\t<meta name=\"twitter:data2\" content=\"5 minutos\" \/>\n<script type=\"application\/ld+json\" class=\"yoast-schema-graph\">{\"@context\":\"https:\/\/schema.org\",\"@graph\":[{\"@type\":\"Article\",\"@id\":\"https:\/\/2023.fim-6days.com\/es\/mira-el-6days-live-y-el-programa-de-estudio-en-fim-moto-tv\/#article\",\"isPartOf\":{\"@id\":\"https:\/\/2023.fim-6days.com\/es\/mira-el-6days-live-y-el-programa-de-estudio-en-fim-moto-tv\/\"},\"author\":{\"name\":\"isalen\",\"@id\":\"https:\/\/2023.fim-6days.com\/#\/schema\/person\/fc80183700e96a22afb3f220ae03b32a\"},\"headline\":\"Mir\u00e1 el 6DAYS\u00ae LIVE y el programa de estudio en FIM-MOTO.TV\",\"datePublished\":\"2023-11-04T17:49:17+00:00\",\"dateModified\":\"2023-11-04T17:54:15+00:00\",\"mainEntityOfPage\":{\"@id\":\"https:\/\/2023.fim-6days.com\/es\/mira-el-6days-live-y-el-programa-de-estudio-en-fim-moto-tv\/\"},\"wordCount\":1904,\"publisher\":{\"@id\":\"https:\/\/2023.fim-6days.com\/#organization\"},\"image\":{\"@id\":\"https:\/\/2023.fim-6days.com\/es\/mira-el-6days-live-y-el-programa-de-estudio-en-fim-moto-tv\/#primaryimage\"},\"thumbnailUrl\":\"https:\/\/2023.fim-6days.com\/wp-content\/uploads\/sites\/8\/2023\/11\/csm_ISDE_FIM-MOTO.TV_722fa5bdae.jpg\",\"articleSection\":[\"Antes de ISDE2023\",\"Noticias\"],\"inLanguage\":\"es\"},{\"@type\":\"WebPage\",\"@id\":\"https:\/\/2023.fim-6days.com\/es\/mira-el-6days-live-y-el-programa-de-estudio-en-fim-moto-tv\/\",\"url\":\"https:\/\/2023.fim-6days.com\/es\/mira-el-6days-live-y-el-programa-de-estudio-en-fim-moto-tv\/\",\"name\":\"Mir\u00e1 el 6DAYS\u00ae LIVE y el programa de estudio en FIM-MOTO.TV - FIM ISDE 2023\",\"isPartOf\":{\"@id\":\"https:\/\/2023.fim-6days.com\/#website\"},\"primaryImageOfPage\":{\"@id\":\"https:\/\/2023.fim-6days.com\/es\/mira-el-6days-live-y-el-programa-de-estudio-en-fim-moto-tv\/#primaryimage\"},\"image\":{\"@id\":\"https:\/\/2023.fim-6days.com\/es\/mira-el-6days-live-y-el-programa-de-estudio-en-fim-moto-tv\/#primaryimage\"},\"thumbnailUrl\":\"https:\/\/2023.fim-6days.com\/wp-content\/uploads\/sites\/8\/2023\/11\/csm_ISDE_FIM-MOTO.TV_722fa5bdae.jpg\",\"datePublished\":\"2023-11-04T17:49:17+00:00\",\"dateModified\":\"2023-11-04T17:54:15+00:00\",\"description\":\"Now just days away from the 2023 FIM International Six Day\u2019s Enduro (ISDE) in San Juan, Argentina \u2013 which will run from 6 to 11 November \u2013 the FIM is delighted to announce that fans around the globe will be able to watch the most important Enduro race of the year LIVE on FIM Moto-TV, plus be able to enjoy the new daily studio show too.\",\"breadcrumb\":{\"@id\":\"https:\/\/2023.fim-6days.com\/es\/mira-el-6days-live-y-el-programa-de-estudio-en-fim-moto-tv\/#breadcrumb\"},\"inLanguage\":\"es\",\"potentialAction\":[{\"@type\":\"ReadAction\",\"target\":[\"https:\/\/2023.fim-6days.com\/es\/mira-el-6days-live-y-el-programa-de-estudio-en-fim-moto-tv\/\"]}]},{\"@type\":\"ImageObject\",\"inLanguage\":\"es\",\"@id\":\"https:\/\/2023.fim-6days.com\/es\/mira-el-6days-live-y-el-programa-de-estudio-en-fim-moto-tv\/#primaryimage\",\"url\":\"https:\/\/2023.fim-6days.com\/wp-content\/uploads\/sites\/8\/2023\/11\/csm_ISDE_FIM-MOTO.TV_722fa5bdae.jpg\",\"contentUrl\":\"https:\/\/2023.fim-6days.com\/wp-content\/uploads\/sites\/8\/2023\/11\/csm_ISDE_FIM-MOTO.TV_722fa5bdae.jpg\",\"width\":1040,\"height\":452},{\"@type\":\"BreadcrumbList\",\"@id\":\"https:\/\/2023.fim-6days.com\/es\/mira-el-6days-live-y-el-programa-de-estudio-en-fim-moto-tv\/#breadcrumb\",\"itemListElement\":[{\"@type\":\"ListItem\",\"position\":1,\"name\":\"Home\",\"item\":\"https:\/\/2023.fim-6days.com\/es\/\"},{\"@type\":\"ListItem\",\"position\":2,\"name\":\"Mir\u00e1 el 6DAYS\u00ae LIVE y el programa de estudio en FIM-MOTO.TV\"}]},{\"@type\":\"WebSite\",\"@id\":\"https:\/\/2023.fim-6days.com\/#website\",\"url\":\"https:\/\/2023.fim-6days.com\/\",\"name\":\"FIM ISDE 2021\",\"description\":\"FIM ISDE Official website\",\"publisher\":{\"@id\":\"https:\/\/2023.fim-6days.com\/#organization\"},\"potentialAction\":[{\"@type\":\"SearchAction\",\"target\":{\"@type\":\"EntryPoint\",\"urlTemplate\":\"https:\/\/2023.fim-6days.com\/?s={search_term_string}\"},\"query-input\":{\"@type\":\"PropertyValueSpecification\",\"valueRequired\":true,\"valueName\":\"search_term_string\"}}],\"inLanguage\":\"es\"},{\"@type\":\"Organization\",\"@id\":\"https:\/\/2023.fim-6days.com\/#organization\",\"name\":\"FIM - F\u00e9d\u00e9ration Internationale de Motocyclisme\",\"url\":\"https:\/\/2023.fim-6days.com\/\",\"logo\":{\"@type\":\"ImageObject\",\"inLanguage\":\"es\",\"@id\":\"https:\/\/2023.fim-6days.com\/#\/schema\/logo\/image\/\",\"url\":\"https:\/\/2023.fim-6days.com\/wp-content\/uploads\/sites\/8\/2019\/07\/LogoFIM-CMYK.png\",\"contentUrl\":\"https:\/\/2023.fim-6days.com\/wp-content\/uploads\/sites\/8\/2019\/07\/LogoFIM-CMYK.png\",\"width\":2608,\"height\":1833,\"caption\":\"FIM - F\u00e9d\u00e9ration Internationale de Motocyclisme\"},\"image\":{\"@id\":\"https:\/\/2023.fim-6days.com\/#\/schema\/logo\/image\/\"},\"sameAs\":[\"https:\/\/www.facebook.com\/FIMISDE\/\",\"https:\/\/x.com\/fimisde\",\"https:\/\/www.instagram.com\/fim_isde\/\"]},{\"@type\":\"Person\",\"@id\":\"https:\/\/2023.fim-6days.com\/#\/schema\/person\/fc80183700e96a22afb3f220ae03b32a\",\"name\":\"isalen\",\"image\":{\"@type\":\"ImageObject\",\"inLanguage\":\"es\",\"@id\":\"https:\/\/2023.fim-6days.com\/#\/schema\/person\/image\/\",\"url\":\"https:\/\/secure.gravatar.com\/avatar\/b498bfa446460353cfcc6e023d9c28e3e84ef3798b7f90c38b5d03254eed1837?s=96&d=mm&r=g\",\"contentUrl\":\"https:\/\/secure.gravatar.com\/avatar\/b498bfa446460353cfcc6e023d9c28e3e84ef3798b7f90c38b5d03254eed1837?s=96&d=mm&r=g\",\"caption\":\"isalen\"},\"url\":\"https:\/\/2023.fim-6days.com\/es\/author\/isalen\/\"}]}<\/script>\n<!-- \/ Yoast SEO plugin. -->","yoast_head_json":{"title":"Mir\u00e1 el 6DAYS\u00ae LIVE y el programa de estudio en FIM-MOTO.TV - FIM ISDE 2023","description":"Now just days away from the 2023 FIM International Six Day\u2019s Enduro (ISDE) in San Juan, Argentina \u2013 which will run from 6 to 11 November \u2013 the FIM is delighted to announce that fans around the globe will be able to watch the most important Enduro race of the year LIVE on FIM Moto-TV, plus be able to enjoy the new daily studio show too.","robots":{"index":"index","follow":"follow","max-snippet":"max-snippet:-1","max-image-preview":"max-image-preview:large","max-video-preview":"max-video-preview:-1"},"canonical":"https:\/\/2023.fim-6days.com\/es\/mira-el-6days-live-y-el-programa-de-estudio-en-fim-moto-tv\/","og_locale":"es_ES","og_type":"article","og_title":"Mir\u00e1 el 6DAYS\u00ae LIVE y el programa de estudio en FIM-MOTO.TV - FIM ISDE 2023","og_description":"Now just days away from the 2023 FIM International Six Day\u2019s Enduro (ISDE) in San Juan, Argentina \u2013 which will run from 6 to 11 November \u2013 the FIM is delighted to announce that fans around the globe will be able to watch the most important Enduro race of the year LIVE on FIM Moto-TV, plus be able to enjoy the new daily studio show too.","og_url":"https:\/\/2023.fim-6days.com\/es\/mira-el-6days-live-y-el-programa-de-estudio-en-fim-moto-tv\/","og_site_name":"FIM ISDE 2023","article_publisher":"https:\/\/www.facebook.com\/FIMISDE\/","article_published_time":"2023-11-04T17:49:17+00:00","article_modified_time":"2023-11-04T17:54:15+00:00","og_image":[{"width":1040,"height":452,"url":"https:\/\/2023.fim-6days.com\/wp-content\/uploads\/sites\/8\/2023\/11\/csm_ISDE_FIM-MOTO.TV_722fa5bdae.jpg","type":"image\/jpeg"}],"author":"isalen","twitter_card":"summary_large_image","twitter_creator":"@fimisde","twitter_site":"@fimisde","twitter_misc":{"Escrito por":"isalen","Tiempo de lectura":"5 minutos"},"schema":{"@context":"https:\/\/schema.org","@graph":[{"@type":"Article","@id":"https:\/\/2023.fim-6days.com\/es\/mira-el-6days-live-y-el-programa-de-estudio-en-fim-moto-tv\/#article","isPartOf":{"@id":"https:\/\/2023.fim-6days.com\/es\/mira-el-6days-live-y-el-programa-de-estudio-en-fim-moto-tv\/"},"author":{"name":"isalen","@id":"https:\/\/2023.fim-6days.com\/#\/schema\/person\/fc80183700e96a22afb3f220ae03b32a"},"headline":"Mir\u00e1 el 6DAYS\u00ae LIVE y el programa de estudio en FIM-MOTO.TV","datePublished":"2023-11-04T17:49:17+00:00","dateModified":"2023-11-04T17:54:15+00:00","mainEntityOfPage":{"@id":"https:\/\/2023.fim-6days.com\/es\/mira-el-6days-live-y-el-programa-de-estudio-en-fim-moto-tv\/"},"wordCount":1904,"publisher":{"@id":"https:\/\/2023.fim-6days.com\/#organization"},"image":{"@id":"https:\/\/2023.fim-6days.com\/es\/mira-el-6days-live-y-el-programa-de-estudio-en-fim-moto-tv\/#primaryimage"},"thumbnailUrl":"https:\/\/2023.fim-6days.com\/wp-content\/uploads\/sites\/8\/2023\/11\/csm_ISDE_FIM-MOTO.TV_722fa5bdae.jpg","articleSection":["Antes de ISDE2023","Noticias"],"inLanguage":"es"},{"@type":"WebPage","@id":"https:\/\/2023.fim-6days.com\/es\/mira-el-6days-live-y-el-programa-de-estudio-en-fim-moto-tv\/","url":"https:\/\/2023.fim-6days.com\/es\/mira-el-6days-live-y-el-programa-de-estudio-en-fim-moto-tv\/","name":"Mir\u00e1 el 6DAYS\u00ae LIVE y el programa de estudio en FIM-MOTO.TV - FIM ISDE 2023","isPartOf":{"@id":"https:\/\/2023.fim-6days.com\/#website"},"primaryImageOfPage":{"@id":"https:\/\/2023.fim-6days.com\/es\/mira-el-6days-live-y-el-programa-de-estudio-en-fim-moto-tv\/#primaryimage"},"image":{"@id":"https:\/\/2023.fim-6days.com\/es\/mira-el-6days-live-y-el-programa-de-estudio-en-fim-moto-tv\/#primaryimage"},"thumbnailUrl":"https:\/\/2023.fim-6days.com\/wp-content\/uploads\/sites\/8\/2023\/11\/csm_ISDE_FIM-MOTO.TV_722fa5bdae.jpg","datePublished":"2023-11-04T17:49:17+00:00","dateModified":"2023-11-04T17:54:15+00:00","description":"Now just days away from the 2023 FIM International Six Day\u2019s Enduro (ISDE) in San Juan, Argentina \u2013 which will run from 6 to 11 November \u2013 the FIM is delighted to announce that fans around the globe will be able to watch the most important Enduro race of the year LIVE on FIM Moto-TV, plus be able to enjoy the new daily studio show too.","breadcrumb":{"@id":"https:\/\/2023.fim-6days.com\/es\/mira-el-6days-live-y-el-programa-de-estudio-en-fim-moto-tv\/#breadcrumb"},"inLanguage":"es","potentialAction":[{"@type":"ReadAction","target":["https:\/\/2023.fim-6days.com\/es\/mira-el-6days-live-y-el-programa-de-estudio-en-fim-moto-tv\/"]}]},{"@type":"ImageObject","inLanguage":"es","@id":"https:\/\/2023.fim-6days.com\/es\/mira-el-6days-live-y-el-programa-de-estudio-en-fim-moto-tv\/#primaryimage","url":"https:\/\/2023.fim-6days.com\/wp-content\/uploads\/sites\/8\/2023\/11\/csm_ISDE_FIM-MOTO.TV_722fa5bdae.jpg","contentUrl":"https:\/\/2023.fim-6days.com\/wp-content\/uploads\/sites\/8\/2023\/11\/csm_ISDE_FIM-MOTO.TV_722fa5bdae.jpg","width":1040,"height":452},{"@type":"BreadcrumbList","@id":"https:\/\/2023.fim-6days.com\/es\/mira-el-6days-live-y-el-programa-de-estudio-en-fim-moto-tv\/#breadcrumb","itemListElement":[{"@type":"ListItem","position":1,"name":"Home","item":"https:\/\/2023.fim-6days.com\/es\/"},{"@type":"ListItem","position":2,"name":"Mir\u00e1 el 6DAYS\u00ae LIVE y el programa de estudio en FIM-MOTO.TV"}]},{"@type":"WebSite","@id":"https:\/\/2023.fim-6days.com\/#website","url":"https:\/\/2023.fim-6days.com\/","name":"FIM ISDE 2021","description":"FIM ISDE Official website","publisher":{"@id":"https:\/\/2023.fim-6days.com\/#organization"},"potentialAction":[{"@type":"SearchAction","target":{"@type":"EntryPoint","urlTemplate":"https:\/\/2023.fim-6days.com\/?s={search_term_string}"},"query-input":{"@type":"PropertyValueSpecification","valueRequired":true,"valueName":"search_term_string"}}],"inLanguage":"es"},{"@type":"Organization","@id":"https:\/\/2023.fim-6days.com\/#organization","name":"FIM - F\u00e9d\u00e9ration Internationale de Motocyclisme","url":"https:\/\/2023.fim-6days.com\/","logo":{"@type":"ImageObject","inLanguage":"es","@id":"https:\/\/2023.fim-6days.com\/#\/schema\/logo\/image\/","url":"https:\/\/2023.fim-6days.com\/wp-content\/uploads\/sites\/8\/2019\/07\/LogoFIM-CMYK.png","contentUrl":"https:\/\/2023.fim-6days.com\/wp-content\/uploads\/sites\/8\/2019\/07\/LogoFIM-CMYK.png","width":2608,"height":1833,"caption":"FIM - F\u00e9d\u00e9ration Internationale de Motocyclisme"},"image":{"@id":"https:\/\/2023.fim-6days.com\/#\/schema\/logo\/image\/"},"sameAs":["https:\/\/www.facebook.com\/FIMISDE\/","https:\/\/x.com\/fimisde","https:\/\/www.instagram.com\/fim_isde\/"]},{"@type":"Person","@id":"https:\/\/2023.fim-6days.com\/#\/schema\/person\/fc80183700e96a22afb3f220ae03b32a","name":"isalen","image":{"@type":"ImageObject","inLanguage":"es","@id":"https:\/\/2023.fim-6days.com\/#\/schema\/person\/image\/","url":"https:\/\/secure.gravatar.com\/avatar\/b498bfa446460353cfcc6e023d9c28e3e84ef3798b7f90c38b5d03254eed1837?s=96&d=mm&r=g","contentUrl":"https:\/\/secure.gravatar.com\/avatar\/b498bfa446460353cfcc6e023d9c28e3e84ef3798b7f90c38b5d03254eed1837?s=96&d=mm&r=g","caption":"isalen"},"url":"https:\/\/2023.fim-6days.com\/es\/author\/isalen\/"}]}},"_links":{"self":[{"href":"https:\/\/2023.fim-6days.com\/es\/wp-json\/wp\/v2\/posts\/48579","targetHints":{"allow":["GET"]}}],"collection":[{"href":"https:\/\/2023.fim-6days.com\/es\/wp-json\/wp\/v2\/posts"}],"about":[{"href":"https:\/\/2023.fim-6days.com\/es\/wp-json\/wp\/v2\/types\/post"}],"author":[{"embeddable":true,"href":"https:\/\/2023.fim-6days.com\/es\/wp-json\/wp\/v2\/users\/14"}],"replies":[{"embeddable":true,"href":"https:\/\/2023.fim-6days.com\/es\/wp-json\/wp\/v2\/comments?post=48579"}],"version-history":[{"count":2,"href":"https:\/\/2023.fim-6days.com\/es\/wp-json\/wp\/v2\/posts\/48579\/revisions"}],"predecessor-version":[{"id":48581,"href":"https:\/\/2023.fim-6days.com\/es\/wp-json\/wp\/v2\/posts\/48579\/revisions\/48581"}],"wp:featuredmedia":[{"embeddable":true,"href":"https:\/\/2023.fim-6days.com\/es\/wp-json\/wp\/v2\/media\/48522"}],"wp:attachment":[{"href":"https:\/\/2023.fim-6days.com\/es\/wp-json\/wp\/v2\/media?parent=48579"}],"wp:term":[{"taxonomy":"category","embeddable":true,"href":"https:\/\/2023.fim-6days.com\/es\/wp-json\/wp\/v2\/categories?post=48579"},{"taxonomy":"post_tag","embeddable":true,"href":"https:\/\/2023.fim-6days.com\/es\/wp-json\/wp\/v2\/tags?post=48579"}],"curies":[{"name":"wp","href":"https:\/\/api.w.org\/{rel}","templated":true}]}}