{"id":47991,"date":"2023-08-02T13:53:09","date_gmt":"2023-08-02T11:53:09","guid":{"rendered":"https:\/\/2023.fim-6days.com\/strong-latin-american-contingent-among-growing-entries-for-2023-fim-international-six-days-of-enduro\/"},"modified":"2023-08-02T14:49:13","modified_gmt":"2023-08-02T12:49:13","slug":"fuerte-contingente-latinoamericano-entre-las-crecientes-inscripciones-para-los-seis-dias-internacionales-de-enduro-fim-2023","status":"publish","type":"post","link":"https:\/\/2023.fim-6days.com\/es\/fuerte-contingente-latinoamericano-entre-las-crecientes-inscripciones-para-los-seis-dias-internacionales-de-enduro-fim-2023\/","title":{"rendered":"Fuerte contingente latinoamericano entre las crecientes inscripciones para los Seis D\u00edas Internacionales de Enduro FIM 2023"},"content":{"rendered":"<p><div class=\"fusion-fullwidth fullwidth-box fusion-builder-row-1 fusion-flex-container nonhundred-percent-fullwidth non-hundred-percent-height-scrolling\" style=\"--awb-border-radius-top-left:0px;--awb-border-radius-top-right:0px;--awb-border-radius-bottom-right:0px;--awb-border-radius-bottom-left:0px;--awb-padding-top:0px;--awb-padding-bottom:0px;--awb-flex-wrap:wrap;\" ><div class=\"fusion-builder-row fusion-row fusion-flex-align-items-flex-start fusion-flex-content-wrap\" style=\"max-width:1248px;margin-left: calc(-4% \/ 2 );margin-right: calc(-4% \/ 2 );\"><div class=\"fusion-layout-column fusion_builder_column fusion-builder-column-0 fusion_builder_column_1_1 1_1 fusion-flex-column\" style=\"--awb-padding-top:0px;--awb-padding-bottom:0px;--awb-bg-size:cover;--awb-width-large:100%;--awb-margin-top-large:0px;--awb-spacing-right-large:1.92%;--awb-margin-bottom-large:0px;--awb-spacing-left-large:1.92%;--awb-width-medium:100%;--awb-order-medium:0;--awb-spacing-right-medium:1.92%;--awb-spacing-left-medium:1.92%;--awb-width-small:100%;--awb-order-small:0;--awb-spacing-right-small:1.92%;--awb-spacing-left-small:1.92%;\"><div class=\"fusion-column-wrapper fusion-column-has-shadow fusion-flex-justify-content-flex-start fusion-content-layout-column\"><div class=\"fusion-text fusion-text-1\" style=\"--awb-text-transform:none;\"><p><strong>Fuerte contingente latinoamericano entre las crecientes inscripciones para el FIM International Six Days of Enduro 2023<\/strong><\/p>\n<p>A poco m\u00e1s de tres meses del inicio del FIM International Six Days of Enduro (ISDE) 2023, el apoyo al evento -que se ha confirmado que se celebrar\u00e1 como siempre estuvo previsto del 6 al 11 de noviembre en Argentina- crece d\u00eda a d\u00eda.<\/p>\n<p>Hasta el momento, 28 naciones de los cinco continentes est\u00e1n representadas, con inscripciones de 12 pa\u00edses latinoamericanos, lo que demuestra la popularidad de este deporte en esta regi\u00f3n.<\/p>\n<p>Con el proceso de inscripci\u00f3n abierto hasta el 31 de agosto, se espera que el n\u00famero de pilotos preinscriptos para la 97\u00b0 edici\u00f3n de este evento mundialmente famoso, que actualmente asciende a 453, aumente considerablemente antes de la fecha de cierre.<\/p>\n<p>En la actualidad, el 70% de los corredores preinscriptos proceden de pa\u00edses latinoamericanos, lo que confirma el fuerte apoyo que recibe la prueba en la regi\u00f3n. Los competidores partir\u00e1n de la sede del evento, el Circuito San Juan Villicum, en la ciudad norte\u00f1a de San Juan, situada al este de la cordillera de los Andes.<\/p>\n<p>Los pilotos argentinos constituyen el 38% de las inscripciones recibidas hasta la fecha, una cifra muy superior a la habitual para un pa\u00eds anfitri\u00f3n, pero se enfrentar\u00e1n a una dura oposici\u00f3n de las principales naciones del mundo del enduro.<\/p>\n<p>Entre los favoritos se encuentran los equipos defensores del World Trophy y del Women&#8217;s World Trophy de Gran Breta\u00f1a y, aunque desafortunadamente Australia no defender\u00e1 el Junior World Trophy en esta ocasi\u00f3n (ni presentar\u00e1 equipos en las otras dos clases principales), habr\u00e1 fuertes desaf\u00edos en esta categor\u00eda por parte de, entre otros pa\u00edses, Italia y\u00a0 Rep\u00fablica Checa, que terminaron segunda y tercera el a\u00f1o pasado en Francia.<\/p>\n<p>Otros pa\u00edses destacados que se espera que destaquen en Argentina son, entre otros, Suecia, Canad\u00e1, Estados Unidos, Francia, Alemania y Espa\u00f1a.<\/p>\n<p>Con un terreno excepcional a la espera de la creciente lista de inscriptos, la 97\u00b0 edici\u00f3n de los ISDE en Argentina est\u00e1 llamada a ser memorable.<\/p>\n<\/div><\/div><\/div><\/div><\/div><div class=\"fusion-fullwidth fullwidth-box fusion-builder-row-2 fusion-flex-container has-pattern-background has-mask-background nonhundred-percent-fullwidth non-hundred-percent-height-scrolling\" style=\"--awb-border-radius-top-left:0px;--awb-border-radius-top-right:0px;--awb-border-radius-bottom-right:0px;--awb-border-radius-bottom-left:0px;--awb-flex-wrap:wrap;\" ><div class=\"fusion-builder-row fusion-row fusion-flex-align-items-flex-start fusion-flex-content-wrap\" style=\"max-width:1248px;margin-left: calc(-4% \/ 2 );margin-right: calc(-4% \/ 2 );\"><div class=\"fusion-layout-column fusion_builder_column fusion-builder-column-1 fusion_builder_column_1_1 1_1 fusion-flex-column\" style=\"--awb-bg-size:cover;--awb-width-large:100%;--awb-margin-top-large:0px;--awb-spacing-right-large:1.92%;--awb-margin-bottom-large:20px;--awb-spacing-left-large:1.92%;--awb-width-medium:100%;--awb-order-medium:0;--awb-spacing-right-medium:1.92%;--awb-spacing-left-medium:1.92%;--awb-width-small:100%;--awb-order-small:0;--awb-spacing-right-small:1.92%;--awb-spacing-left-small:1.92%;\"><div class=\"fusion-column-wrapper fusion-column-has-shadow fusion-flex-justify-content-flex-start fusion-content-layout-column\"><div class=\"fusion-separator fusion-full-width-sep\" style=\"align-self: center;margin-left: auto;margin-right: auto;margin-bottom:20px;width:100%;\"><\/div>\n<\/div><\/div><\/div><\/div><\/p>\n","protected":false},"excerpt":{"rendered":"","protected":false},"author":14,"featured_media":47939,"comment_status":"closed","ping_status":"closed","sticky":false,"template":"","format":"standard","meta":{"inline_featured_image":false,"footnotes":""},"categories":[112,108],"tags":[],"class_list":["post-47991","post","type-post","status-publish","format-standard","has-post-thumbnail","hentry","category-before-isde2023-es","category-news-es"],"yoast_head":"<!-- This site is optimized with the Yoast SEO plugin v25.6 - https:\/\/yoast.com\/wordpress\/plugins\/seo\/ -->\n<title>Fuerte contingente latinoamericano entre las crecientes inscripciones para los Seis D\u00edas Internacionales de Enduro FIM 2023 - FIM ISDE 2023<\/title>\n<meta name=\"description\" content=\"With the 2023 FIM International Six Days of Enduro (ISDE) now just over three months away, support for the event \u2013 that has been confirmed that it will run as always planned from 6-11 November in Argentina \u2013 is growing daily.\" \/>\n<meta name=\"robots\" content=\"index, follow, max-snippet:-1, max-image-preview:large, max-video-preview:-1\" \/>\n<link rel=\"canonical\" href=\"https:\/\/2023.fim-6days.com\/es\/fuerte-contingente-latinoamericano-entre-las-crecientes-inscripciones-para-los-seis-dias-internacionales-de-enduro-fim-2023\/\" \/>\n<meta property=\"og:locale\" content=\"es_ES\" \/>\n<meta property=\"og:type\" content=\"article\" \/>\n<meta property=\"og:title\" content=\"Fuerte contingente latinoamericano entre las crecientes inscripciones para los Seis D\u00edas Internacionales de Enduro FIM 2023 - FIM ISDE 2023\" \/>\n<meta property=\"og:description\" content=\"With the 2023 FIM International Six Days of Enduro (ISDE) now just over three months away, support for the event \u2013 that has been confirmed that it will run as always planned from 6-11 November in Argentina \u2013 is growing daily.\" \/>\n<meta property=\"og:url\" content=\"https:\/\/2023.fim-6days.com\/es\/fuerte-contingente-latinoamericano-entre-las-crecientes-inscripciones-para-los-seis-dias-internacionales-de-enduro-fim-2023\/\" \/>\n<meta property=\"og:site_name\" content=\"FIM ISDE 2023\" \/>\n<meta property=\"article:publisher\" content=\"https:\/\/www.facebook.com\/FIMISDE\/\" \/>\n<meta property=\"article:published_time\" content=\"2023-08-02T11:53:09+00:00\" \/>\n<meta property=\"article:modified_time\" content=\"2023-08-02T12:49:13+00:00\" \/>\n<meta property=\"og:image\" content=\"https:\/\/2023.fim-6days.com\/wp-content\/uploads\/sites\/8\/2023\/07\/e2-start-Day-6-001-1.jpg\" \/>\n\t<meta property=\"og:image:width\" content=\"1250\" \/>\n\t<meta property=\"og:image:height\" content=\"833\" \/>\n\t<meta property=\"og:image:type\" content=\"image\/jpeg\" \/>\n<meta name=\"author\" content=\"isalen\" \/>\n<meta name=\"twitter:card\" content=\"summary_large_image\" \/>\n<meta name=\"twitter:creator\" content=\"@fimisde\" \/>\n<meta name=\"twitter:site\" content=\"@fimisde\" \/>\n<meta name=\"twitter:label1\" content=\"Escrito por\" \/>\n\t<meta name=\"twitter:data1\" content=\"isalen\" \/>\n\t<meta name=\"twitter:label2\" content=\"Tiempo de lectura\" \/>\n\t<meta name=\"twitter:data2\" content=\"4 minutos\" \/>\n<script type=\"application\/ld+json\" class=\"yoast-schema-graph\">{\"@context\":\"https:\/\/schema.org\",\"@graph\":[{\"@type\":\"Article\",\"@id\":\"https:\/\/2023.fim-6days.com\/es\/fuerte-contingente-latinoamericano-entre-las-crecientes-inscripciones-para-los-seis-dias-internacionales-de-enduro-fim-2023\/#article\",\"isPartOf\":{\"@id\":\"https:\/\/2023.fim-6days.com\/es\/fuerte-contingente-latinoamericano-entre-las-crecientes-inscripciones-para-los-seis-dias-internacionales-de-enduro-fim-2023\/\"},\"author\":{\"name\":\"isalen\",\"@id\":\"https:\/\/2023.fim-6days.com\/#\/schema\/person\/fc80183700e96a22afb3f220ae03b32a\"},\"headline\":\"Fuerte contingente latinoamericano entre las crecientes inscripciones para los Seis D\u00edas Internacionales de Enduro FIM 2023\",\"datePublished\":\"2023-08-02T11:53:09+00:00\",\"dateModified\":\"2023-08-02T12:49:13+00:00\",\"mainEntityOfPage\":{\"@id\":\"https:\/\/2023.fim-6days.com\/es\/fuerte-contingente-latinoamericano-entre-las-crecientes-inscripciones-para-los-seis-dias-internacionales-de-enduro-fim-2023\/\"},\"wordCount\":1731,\"publisher\":{\"@id\":\"https:\/\/2023.fim-6days.com\/#organization\"},\"image\":{\"@id\":\"https:\/\/2023.fim-6days.com\/es\/fuerte-contingente-latinoamericano-entre-las-crecientes-inscripciones-para-los-seis-dias-internacionales-de-enduro-fim-2023\/#primaryimage\"},\"thumbnailUrl\":\"https:\/\/2023.fim-6days.com\/wp-content\/uploads\/sites\/8\/2023\/07\/e2-start-Day-6-001-1.jpg\",\"articleSection\":[\"Antes de ISDE2023\",\"Noticias\"],\"inLanguage\":\"es\"},{\"@type\":\"WebPage\",\"@id\":\"https:\/\/2023.fim-6days.com\/es\/fuerte-contingente-latinoamericano-entre-las-crecientes-inscripciones-para-los-seis-dias-internacionales-de-enduro-fim-2023\/\",\"url\":\"https:\/\/2023.fim-6days.com\/es\/fuerte-contingente-latinoamericano-entre-las-crecientes-inscripciones-para-los-seis-dias-internacionales-de-enduro-fim-2023\/\",\"name\":\"Fuerte contingente latinoamericano entre las crecientes inscripciones para los Seis D\u00edas Internacionales de Enduro FIM 2023 - FIM ISDE 2023\",\"isPartOf\":{\"@id\":\"https:\/\/2023.fim-6days.com\/#website\"},\"primaryImageOfPage\":{\"@id\":\"https:\/\/2023.fim-6days.com\/es\/fuerte-contingente-latinoamericano-entre-las-crecientes-inscripciones-para-los-seis-dias-internacionales-de-enduro-fim-2023\/#primaryimage\"},\"image\":{\"@id\":\"https:\/\/2023.fim-6days.com\/es\/fuerte-contingente-latinoamericano-entre-las-crecientes-inscripciones-para-los-seis-dias-internacionales-de-enduro-fim-2023\/#primaryimage\"},\"thumbnailUrl\":\"https:\/\/2023.fim-6days.com\/wp-content\/uploads\/sites\/8\/2023\/07\/e2-start-Day-6-001-1.jpg\",\"datePublished\":\"2023-08-02T11:53:09+00:00\",\"dateModified\":\"2023-08-02T12:49:13+00:00\",\"description\":\"With the 2023 FIM International Six Days of Enduro (ISDE) now just over three months away, support for the event \u2013 that has been confirmed that it will run as always planned from 6-11 November in Argentina \u2013 is growing daily.\",\"breadcrumb\":{\"@id\":\"https:\/\/2023.fim-6days.com\/es\/fuerte-contingente-latinoamericano-entre-las-crecientes-inscripciones-para-los-seis-dias-internacionales-de-enduro-fim-2023\/#breadcrumb\"},\"inLanguage\":\"es\",\"potentialAction\":[{\"@type\":\"ReadAction\",\"target\":[\"https:\/\/2023.fim-6days.com\/es\/fuerte-contingente-latinoamericano-entre-las-crecientes-inscripciones-para-los-seis-dias-internacionales-de-enduro-fim-2023\/\"]}]},{\"@type\":\"ImageObject\",\"inLanguage\":\"es\",\"@id\":\"https:\/\/2023.fim-6days.com\/es\/fuerte-contingente-latinoamericano-entre-las-crecientes-inscripciones-para-los-seis-dias-internacionales-de-enduro-fim-2023\/#primaryimage\",\"url\":\"https:\/\/2023.fim-6days.com\/wp-content\/uploads\/sites\/8\/2023\/07\/e2-start-Day-6-001-1.jpg\",\"contentUrl\":\"https:\/\/2023.fim-6days.com\/wp-content\/uploads\/sites\/8\/2023\/07\/e2-start-Day-6-001-1.jpg\",\"width\":1250,\"height\":833},{\"@type\":\"BreadcrumbList\",\"@id\":\"https:\/\/2023.fim-6days.com\/es\/fuerte-contingente-latinoamericano-entre-las-crecientes-inscripciones-para-los-seis-dias-internacionales-de-enduro-fim-2023\/#breadcrumb\",\"itemListElement\":[{\"@type\":\"ListItem\",\"position\":1,\"name\":\"Home\",\"item\":\"https:\/\/2023.fim-6days.com\/es\/\"},{\"@type\":\"ListItem\",\"position\":2,\"name\":\"Fuerte contingente latinoamericano entre las crecientes inscripciones para los Seis D\u00edas Internacionales de Enduro FIM 2023\"}]},{\"@type\":\"WebSite\",\"@id\":\"https:\/\/2023.fim-6days.com\/#website\",\"url\":\"https:\/\/2023.fim-6days.com\/\",\"name\":\"FIM ISDE 2021\",\"description\":\"FIM ISDE Official website\",\"publisher\":{\"@id\":\"https:\/\/2023.fim-6days.com\/#organization\"},\"potentialAction\":[{\"@type\":\"SearchAction\",\"target\":{\"@type\":\"EntryPoint\",\"urlTemplate\":\"https:\/\/2023.fim-6days.com\/?s={search_term_string}\"},\"query-input\":{\"@type\":\"PropertyValueSpecification\",\"valueRequired\":true,\"valueName\":\"search_term_string\"}}],\"inLanguage\":\"es\"},{\"@type\":\"Organization\",\"@id\":\"https:\/\/2023.fim-6days.com\/#organization\",\"name\":\"FIM - F\u00e9d\u00e9ration Internationale de Motocyclisme\",\"url\":\"https:\/\/2023.fim-6days.com\/\",\"logo\":{\"@type\":\"ImageObject\",\"inLanguage\":\"es\",\"@id\":\"https:\/\/2023.fim-6days.com\/#\/schema\/logo\/image\/\",\"url\":\"https:\/\/2023.fim-6days.com\/wp-content\/uploads\/sites\/8\/2019\/07\/LogoFIM-CMYK.png\",\"contentUrl\":\"https:\/\/2023.fim-6days.com\/wp-content\/uploads\/sites\/8\/2019\/07\/LogoFIM-CMYK.png\",\"width\":2608,\"height\":1833,\"caption\":\"FIM - F\u00e9d\u00e9ration Internationale de Motocyclisme\"},\"image\":{\"@id\":\"https:\/\/2023.fim-6days.com\/#\/schema\/logo\/image\/\"},\"sameAs\":[\"https:\/\/www.facebook.com\/FIMISDE\/\",\"https:\/\/x.com\/fimisde\",\"https:\/\/www.instagram.com\/fim_isde\/\"]},{\"@type\":\"Person\",\"@id\":\"https:\/\/2023.fim-6days.com\/#\/schema\/person\/fc80183700e96a22afb3f220ae03b32a\",\"name\":\"isalen\",\"image\":{\"@type\":\"ImageObject\",\"inLanguage\":\"es\",\"@id\":\"https:\/\/2023.fim-6days.com\/#\/schema\/person\/image\/\",\"url\":\"https:\/\/secure.gravatar.com\/avatar\/b498bfa446460353cfcc6e023d9c28e3e84ef3798b7f90c38b5d03254eed1837?s=96&d=mm&r=g\",\"contentUrl\":\"https:\/\/secure.gravatar.com\/avatar\/b498bfa446460353cfcc6e023d9c28e3e84ef3798b7f90c38b5d03254eed1837?s=96&d=mm&r=g\",\"caption\":\"isalen\"},\"url\":\"https:\/\/2023.fim-6days.com\/es\/author\/isalen\/\"}]}<\/script>\n<!-- \/ Yoast SEO plugin. -->","yoast_head_json":{"title":"Fuerte contingente latinoamericano entre las crecientes inscripciones para los Seis D\u00edas Internacionales de Enduro FIM 2023 - FIM ISDE 2023","description":"With the 2023 FIM International Six Days of Enduro (ISDE) now just over three months away, support for the event \u2013 that has been confirmed that it will run as always planned from 6-11 November in Argentina \u2013 is growing daily.","robots":{"index":"index","follow":"follow","max-snippet":"max-snippet:-1","max-image-preview":"max-image-preview:large","max-video-preview":"max-video-preview:-1"},"canonical":"https:\/\/2023.fim-6days.com\/es\/fuerte-contingente-latinoamericano-entre-las-crecientes-inscripciones-para-los-seis-dias-internacionales-de-enduro-fim-2023\/","og_locale":"es_ES","og_type":"article","og_title":"Fuerte contingente latinoamericano entre las crecientes inscripciones para los Seis D\u00edas Internacionales de Enduro FIM 2023 - FIM ISDE 2023","og_description":"With the 2023 FIM International Six Days of Enduro (ISDE) now just over three months away, support for the event \u2013 that has been confirmed that it will run as always planned from 6-11 November in Argentina \u2013 is growing daily.","og_url":"https:\/\/2023.fim-6days.com\/es\/fuerte-contingente-latinoamericano-entre-las-crecientes-inscripciones-para-los-seis-dias-internacionales-de-enduro-fim-2023\/","og_site_name":"FIM ISDE 2023","article_publisher":"https:\/\/www.facebook.com\/FIMISDE\/","article_published_time":"2023-08-02T11:53:09+00:00","article_modified_time":"2023-08-02T12:49:13+00:00","og_image":[{"width":1250,"height":833,"url":"https:\/\/2023.fim-6days.com\/wp-content\/uploads\/sites\/8\/2023\/07\/e2-start-Day-6-001-1.jpg","type":"image\/jpeg"}],"author":"isalen","twitter_card":"summary_large_image","twitter_creator":"@fimisde","twitter_site":"@fimisde","twitter_misc":{"Escrito por":"isalen","Tiempo de lectura":"4 minutos"},"schema":{"@context":"https:\/\/schema.org","@graph":[{"@type":"Article","@id":"https:\/\/2023.fim-6days.com\/es\/fuerte-contingente-latinoamericano-entre-las-crecientes-inscripciones-para-los-seis-dias-internacionales-de-enduro-fim-2023\/#article","isPartOf":{"@id":"https:\/\/2023.fim-6days.com\/es\/fuerte-contingente-latinoamericano-entre-las-crecientes-inscripciones-para-los-seis-dias-internacionales-de-enduro-fim-2023\/"},"author":{"name":"isalen","@id":"https:\/\/2023.fim-6days.com\/#\/schema\/person\/fc80183700e96a22afb3f220ae03b32a"},"headline":"Fuerte contingente latinoamericano entre las crecientes inscripciones para los Seis D\u00edas Internacionales de Enduro FIM 2023","datePublished":"2023-08-02T11:53:09+00:00","dateModified":"2023-08-02T12:49:13+00:00","mainEntityOfPage":{"@id":"https:\/\/2023.fim-6days.com\/es\/fuerte-contingente-latinoamericano-entre-las-crecientes-inscripciones-para-los-seis-dias-internacionales-de-enduro-fim-2023\/"},"wordCount":1731,"publisher":{"@id":"https:\/\/2023.fim-6days.com\/#organization"},"image":{"@id":"https:\/\/2023.fim-6days.com\/es\/fuerte-contingente-latinoamericano-entre-las-crecientes-inscripciones-para-los-seis-dias-internacionales-de-enduro-fim-2023\/#primaryimage"},"thumbnailUrl":"https:\/\/2023.fim-6days.com\/wp-content\/uploads\/sites\/8\/2023\/07\/e2-start-Day-6-001-1.jpg","articleSection":["Antes de ISDE2023","Noticias"],"inLanguage":"es"},{"@type":"WebPage","@id":"https:\/\/2023.fim-6days.com\/es\/fuerte-contingente-latinoamericano-entre-las-crecientes-inscripciones-para-los-seis-dias-internacionales-de-enduro-fim-2023\/","url":"https:\/\/2023.fim-6days.com\/es\/fuerte-contingente-latinoamericano-entre-las-crecientes-inscripciones-para-los-seis-dias-internacionales-de-enduro-fim-2023\/","name":"Fuerte contingente latinoamericano entre las crecientes inscripciones para los Seis D\u00edas Internacionales de Enduro FIM 2023 - FIM ISDE 2023","isPartOf":{"@id":"https:\/\/2023.fim-6days.com\/#website"},"primaryImageOfPage":{"@id":"https:\/\/2023.fim-6days.com\/es\/fuerte-contingente-latinoamericano-entre-las-crecientes-inscripciones-para-los-seis-dias-internacionales-de-enduro-fim-2023\/#primaryimage"},"image":{"@id":"https:\/\/2023.fim-6days.com\/es\/fuerte-contingente-latinoamericano-entre-las-crecientes-inscripciones-para-los-seis-dias-internacionales-de-enduro-fim-2023\/#primaryimage"},"thumbnailUrl":"https:\/\/2023.fim-6days.com\/wp-content\/uploads\/sites\/8\/2023\/07\/e2-start-Day-6-001-1.jpg","datePublished":"2023-08-02T11:53:09+00:00","dateModified":"2023-08-02T12:49:13+00:00","description":"With the 2023 FIM International Six Days of Enduro (ISDE) now just over three months away, support for the event \u2013 that has been confirmed that it will run as always planned from 6-11 November in Argentina \u2013 is growing daily.","breadcrumb":{"@id":"https:\/\/2023.fim-6days.com\/es\/fuerte-contingente-latinoamericano-entre-las-crecientes-inscripciones-para-los-seis-dias-internacionales-de-enduro-fim-2023\/#breadcrumb"},"inLanguage":"es","potentialAction":[{"@type":"ReadAction","target":["https:\/\/2023.fim-6days.com\/es\/fuerte-contingente-latinoamericano-entre-las-crecientes-inscripciones-para-los-seis-dias-internacionales-de-enduro-fim-2023\/"]}]},{"@type":"ImageObject","inLanguage":"es","@id":"https:\/\/2023.fim-6days.com\/es\/fuerte-contingente-latinoamericano-entre-las-crecientes-inscripciones-para-los-seis-dias-internacionales-de-enduro-fim-2023\/#primaryimage","url":"https:\/\/2023.fim-6days.com\/wp-content\/uploads\/sites\/8\/2023\/07\/e2-start-Day-6-001-1.jpg","contentUrl":"https:\/\/2023.fim-6days.com\/wp-content\/uploads\/sites\/8\/2023\/07\/e2-start-Day-6-001-1.jpg","width":1250,"height":833},{"@type":"BreadcrumbList","@id":"https:\/\/2023.fim-6days.com\/es\/fuerte-contingente-latinoamericano-entre-las-crecientes-inscripciones-para-los-seis-dias-internacionales-de-enduro-fim-2023\/#breadcrumb","itemListElement":[{"@type":"ListItem","position":1,"name":"Home","item":"https:\/\/2023.fim-6days.com\/es\/"},{"@type":"ListItem","position":2,"name":"Fuerte contingente latinoamericano entre las crecientes inscripciones para los Seis D\u00edas Internacionales de Enduro FIM 2023"}]},{"@type":"WebSite","@id":"https:\/\/2023.fim-6days.com\/#website","url":"https:\/\/2023.fim-6days.com\/","name":"FIM ISDE 2021","description":"FIM ISDE Official website","publisher":{"@id":"https:\/\/2023.fim-6days.com\/#organization"},"potentialAction":[{"@type":"SearchAction","target":{"@type":"EntryPoint","urlTemplate":"https:\/\/2023.fim-6days.com\/?s={search_term_string}"},"query-input":{"@type":"PropertyValueSpecification","valueRequired":true,"valueName":"search_term_string"}}],"inLanguage":"es"},{"@type":"Organization","@id":"https:\/\/2023.fim-6days.com\/#organization","name":"FIM - F\u00e9d\u00e9ration Internationale de Motocyclisme","url":"https:\/\/2023.fim-6days.com\/","logo":{"@type":"ImageObject","inLanguage":"es","@id":"https:\/\/2023.fim-6days.com\/#\/schema\/logo\/image\/","url":"https:\/\/2023.fim-6days.com\/wp-content\/uploads\/sites\/8\/2019\/07\/LogoFIM-CMYK.png","contentUrl":"https:\/\/2023.fim-6days.com\/wp-content\/uploads\/sites\/8\/2019\/07\/LogoFIM-CMYK.png","width":2608,"height":1833,"caption":"FIM - F\u00e9d\u00e9ration Internationale de Motocyclisme"},"image":{"@id":"https:\/\/2023.fim-6days.com\/#\/schema\/logo\/image\/"},"sameAs":["https:\/\/www.facebook.com\/FIMISDE\/","https:\/\/x.com\/fimisde","https:\/\/www.instagram.com\/fim_isde\/"]},{"@type":"Person","@id":"https:\/\/2023.fim-6days.com\/#\/schema\/person\/fc80183700e96a22afb3f220ae03b32a","name":"isalen","image":{"@type":"ImageObject","inLanguage":"es","@id":"https:\/\/2023.fim-6days.com\/#\/schema\/person\/image\/","url":"https:\/\/secure.gravatar.com\/avatar\/b498bfa446460353cfcc6e023d9c28e3e84ef3798b7f90c38b5d03254eed1837?s=96&d=mm&r=g","contentUrl":"https:\/\/secure.gravatar.com\/avatar\/b498bfa446460353cfcc6e023d9c28e3e84ef3798b7f90c38b5d03254eed1837?s=96&d=mm&r=g","caption":"isalen"},"url":"https:\/\/2023.fim-6days.com\/es\/author\/isalen\/"}]}},"_links":{"self":[{"href":"https:\/\/2023.fim-6days.com\/es\/wp-json\/wp\/v2\/posts\/47991","targetHints":{"allow":["GET"]}}],"collection":[{"href":"https:\/\/2023.fim-6days.com\/es\/wp-json\/wp\/v2\/posts"}],"about":[{"href":"https:\/\/2023.fim-6days.com\/es\/wp-json\/wp\/v2\/types\/post"}],"author":[{"embeddable":true,"href":"https:\/\/2023.fim-6days.com\/es\/wp-json\/wp\/v2\/users\/14"}],"replies":[{"embeddable":true,"href":"https:\/\/2023.fim-6days.com\/es\/wp-json\/wp\/v2\/comments?post=47991"}],"version-history":[{"count":3,"href":"https:\/\/2023.fim-6days.com\/es\/wp-json\/wp\/v2\/posts\/47991\/revisions"}],"predecessor-version":[{"id":48021,"href":"https:\/\/2023.fim-6days.com\/es\/wp-json\/wp\/v2\/posts\/47991\/revisions\/48021"}],"wp:featuredmedia":[{"embeddable":true,"href":"https:\/\/2023.fim-6days.com\/es\/wp-json\/wp\/v2\/media\/47939"}],"wp:attachment":[{"href":"https:\/\/2023.fim-6days.com\/es\/wp-json\/wp\/v2\/media?parent=47991"}],"wp:term":[{"taxonomy":"category","embeddable":true,"href":"https:\/\/2023.fim-6days.com\/es\/wp-json\/wp\/v2\/categories?post=47991"},{"taxonomy":"post_tag","embeddable":true,"href":"https:\/\/2023.fim-6days.com\/es\/wp-json\/wp\/v2\/tags?post=47991"}],"curies":[{"name":"wp","href":"https:\/\/api.w.org\/{rel}","templated":true}]}}