{"id":47910,"date":"2023-07-25T09:28:26","date_gmt":"2023-07-25T07:28:26","guid":{"rendered":"https:\/\/2023.fim-6days.com\/?p=47910"},"modified":"2023-07-25T10:41:09","modified_gmt":"2023-07-25T08:41:09","slug":"ultimo-paso-para-el-sistema-de-preinscripcion-de-los-fim-isde","status":"publish","type":"post","link":"https:\/\/2023.fim-6days.com\/es\/ultimo-paso-para-el-sistema-de-preinscripcion-de-los-fim-isde\/","title":{"rendered":"\u00daltimo paso en el sistema de preinscripci\u00f3n de FIM ISDE  \u00a0"},"content":{"rendered":"<p><strong>El nuevo sistema de preinscripci\u00f3n para los FIM International Six Days of Enduro (ISDE) de este a\u00f1o ha avanzado hasta el quinto y \u00faltimo paso.<\/strong><\/p>\n<p>Con las composiciones de los Moto Clubes ya finalizadas por las respectivas Federaciones Nacionales (FMN)y los equipos de World Trophy, Junior World Trophy y Women&#8217;s World Trophy preinscriptos, las FMN tienen hasta el 31 de agosto para completar el proceso de inscripci\u00f3n.<\/p>\n<p>Durante este periodo, los FMN tambi\u00e9n deben ultimar sus equipos World Team y Club Team Awards y asegurarse de que todas las tasas de inscripci\u00f3n han sido abonadas en su totalidad al organizador local.<\/p>\n<p>La nonag\u00e9sima s\u00e9ptima edici\u00f3n de los FIM ISDE se celebrar\u00e1 del 6 al 11 de noviembre en Argentina, con sede en San Juan, al este de la cordillera de los Andes, y en el Circuito San Juan Villicum.<\/p>\n<p>Los pilotos o equipos rezagados deber\u00e1n ponerse en contacto lo antes posible con sus delegados nacionales para completar su inscripci\u00f3n. Adem\u00e1s, recordamos que los Servicios Oficiales de Carrera ofrecen una amplia gama de servicios de alquiler y asistencia. Las reservas se cierran pronto, \u00a1as\u00ed que no se lo pierdan!<\/p>\n","protected":false},"excerpt":{"rendered":"<p>El nuevo sistema de preinscripci\u00f3n para los FIM International Six Days of Enduro (ISDE) de <a href=\"https:\/\/2023.fim-6days.com\/es\/ultimo-paso-para-el-sistema-de-preinscripcion-de-los-fim-isde\/\"> [&#8230;]<\/a><\/p>\n","protected":false},"author":15,"featured_media":47865,"comment_status":"closed","ping_status":"closed","sticky":false,"template":"","format":"standard","meta":{"inline_featured_image":false,"footnotes":""},"categories":[112,108],"tags":[],"class_list":["post-47910","post","type-post","status-publish","format-standard","has-post-thumbnail","hentry","category-before-isde2023-es","category-news-es"],"yoast_head":"<!-- This site is optimized with the Yoast SEO plugin v25.6 - https:\/\/yoast.com\/wordpress\/plugins\/seo\/ -->\n<title>\u00daltimo paso en el sistema de preinscripci\u00f3n de FIM ISDE \u00a0 - FIM ISDE 2023<\/title>\n<meta name=\"description\" content=\"El nuevo sistema de preinscripci\u00f3n para los FIM International Six Days of Enduro (ISDE) de este a\u00f1o ha avanzado hasta el quinto y \u00faltimo paso.\" \/>\n<meta name=\"robots\" content=\"index, follow, max-snippet:-1, max-image-preview:large, max-video-preview:-1\" \/>\n<link rel=\"canonical\" href=\"https:\/\/2023.fim-6days.com\/es\/ultimo-paso-para-el-sistema-de-preinscripcion-de-los-fim-isde\/\" \/>\n<meta property=\"og:locale\" content=\"es_ES\" \/>\n<meta property=\"og:type\" content=\"article\" \/>\n<meta property=\"og:title\" content=\"\u00daltimo paso en el sistema de preinscripci\u00f3n de FIM ISDE \u00a0 - FIM ISDE 2023\" \/>\n<meta property=\"og:description\" content=\"El nuevo sistema de preinscripci\u00f3n para los FIM International Six Days of Enduro (ISDE) de este a\u00f1o ha avanzado hasta el quinto y \u00faltimo paso.\" \/>\n<meta property=\"og:url\" content=\"https:\/\/2023.fim-6days.com\/es\/ultimo-paso-para-el-sistema-de-preinscripcion-de-los-fim-isde\/\" \/>\n<meta property=\"og:site_name\" content=\"FIM ISDE 2023\" \/>\n<meta property=\"article:publisher\" content=\"https:\/\/www.facebook.com\/FIMISDE\/\" \/>\n<meta property=\"article:published_time\" content=\"2023-07-25T07:28:26+00:00\" \/>\n<meta property=\"article:modified_time\" content=\"2023-07-25T08:41:09+00:00\" \/>\n<meta property=\"og:image\" content=\"https:\/\/2023.fim-6days.com\/wp-content\/uploads\/sites\/8\/2023\/07\/gb220903_ISDE_France_1742.jpg\" \/>\n\t<meta property=\"og:image:width\" content=\"1920\" \/>\n\t<meta property=\"og:image:height\" content=\"1280\" \/>\n\t<meta property=\"og:image:type\" content=\"image\/jpeg\" \/>\n<meta name=\"author\" content=\"aymeric\" \/>\n<meta name=\"twitter:card\" content=\"summary_large_image\" \/>\n<meta name=\"twitter:creator\" content=\"@fimisde\" \/>\n<meta name=\"twitter:site\" content=\"@fimisde\" \/>\n<meta name=\"twitter:label1\" content=\"Escrito por\" \/>\n\t<meta name=\"twitter:data1\" content=\"aymeric\" \/>\n\t<meta name=\"twitter:label2\" content=\"Tiempo de lectura\" \/>\n\t<meta name=\"twitter:data2\" content=\"1 minuto\" \/>\n<script type=\"application\/ld+json\" class=\"yoast-schema-graph\">{\"@context\":\"https:\/\/schema.org\",\"@graph\":[{\"@type\":\"Article\",\"@id\":\"https:\/\/2023.fim-6days.com\/es\/ultimo-paso-para-el-sistema-de-preinscripcion-de-los-fim-isde\/#article\",\"isPartOf\":{\"@id\":\"https:\/\/2023.fim-6days.com\/es\/ultimo-paso-para-el-sistema-de-preinscripcion-de-los-fim-isde\/\"},\"author\":{\"name\":\"aymeric\",\"@id\":\"https:\/\/2023.fim-6days.com\/#\/schema\/person\/5fc7c767c2df2b6709c492adc4581939\"},\"headline\":\"\u00daltimo paso en el sistema de preinscripci\u00f3n de FIM ISDE \u00a0\",\"datePublished\":\"2023-07-25T07:28:26+00:00\",\"dateModified\":\"2023-07-25T08:41:09+00:00\",\"mainEntityOfPage\":{\"@id\":\"https:\/\/2023.fim-6days.com\/es\/ultimo-paso-para-el-sistema-de-preinscripcion-de-los-fim-isde\/\"},\"wordCount\":208,\"publisher\":{\"@id\":\"https:\/\/2023.fim-6days.com\/#organization\"},\"image\":{\"@id\":\"https:\/\/2023.fim-6days.com\/es\/ultimo-paso-para-el-sistema-de-preinscripcion-de-los-fim-isde\/#primaryimage\"},\"thumbnailUrl\":\"https:\/\/2023.fim-6days.com\/wp-content\/uploads\/sites\/8\/2023\/07\/gb220903_ISDE_France_1742.jpg\",\"articleSection\":[\"Antes de ISDE2023\",\"Noticias\"],\"inLanguage\":\"es\"},{\"@type\":\"WebPage\",\"@id\":\"https:\/\/2023.fim-6days.com\/es\/ultimo-paso-para-el-sistema-de-preinscripcion-de-los-fim-isde\/\",\"url\":\"https:\/\/2023.fim-6days.com\/es\/ultimo-paso-para-el-sistema-de-preinscripcion-de-los-fim-isde\/\",\"name\":\"\u00daltimo paso en el sistema de preinscripci\u00f3n de FIM ISDE \u00a0 - FIM ISDE 2023\",\"isPartOf\":{\"@id\":\"https:\/\/2023.fim-6days.com\/#website\"},\"primaryImageOfPage\":{\"@id\":\"https:\/\/2023.fim-6days.com\/es\/ultimo-paso-para-el-sistema-de-preinscripcion-de-los-fim-isde\/#primaryimage\"},\"image\":{\"@id\":\"https:\/\/2023.fim-6days.com\/es\/ultimo-paso-para-el-sistema-de-preinscripcion-de-los-fim-isde\/#primaryimage\"},\"thumbnailUrl\":\"https:\/\/2023.fim-6days.com\/wp-content\/uploads\/sites\/8\/2023\/07\/gb220903_ISDE_France_1742.jpg\",\"datePublished\":\"2023-07-25T07:28:26+00:00\",\"dateModified\":\"2023-07-25T08:41:09+00:00\",\"description\":\"El nuevo sistema de preinscripci\u00f3n para los FIM International Six Days of Enduro (ISDE) de este a\u00f1o ha avanzado hasta el quinto y \u00faltimo paso.\",\"breadcrumb\":{\"@id\":\"https:\/\/2023.fim-6days.com\/es\/ultimo-paso-para-el-sistema-de-preinscripcion-de-los-fim-isde\/#breadcrumb\"},\"inLanguage\":\"es\",\"potentialAction\":[{\"@type\":\"ReadAction\",\"target\":[\"https:\/\/2023.fim-6days.com\/es\/ultimo-paso-para-el-sistema-de-preinscripcion-de-los-fim-isde\/\"]}]},{\"@type\":\"ImageObject\",\"inLanguage\":\"es\",\"@id\":\"https:\/\/2023.fim-6days.com\/es\/ultimo-paso-para-el-sistema-de-preinscripcion-de-los-fim-isde\/#primaryimage\",\"url\":\"https:\/\/2023.fim-6days.com\/wp-content\/uploads\/sites\/8\/2023\/07\/gb220903_ISDE_France_1742.jpg\",\"contentUrl\":\"https:\/\/2023.fim-6days.com\/wp-content\/uploads\/sites\/8\/2023\/07\/gb220903_ISDE_France_1742.jpg\",\"width\":1920,\"height\":1280,\"caption\":\"World Trophy's British ACU\"},{\"@type\":\"BreadcrumbList\",\"@id\":\"https:\/\/2023.fim-6days.com\/es\/ultimo-paso-para-el-sistema-de-preinscripcion-de-los-fim-isde\/#breadcrumb\",\"itemListElement\":[{\"@type\":\"ListItem\",\"position\":1,\"name\":\"Home\",\"item\":\"https:\/\/2023.fim-6days.com\/es\/\"},{\"@type\":\"ListItem\",\"position\":2,\"name\":\"\u00daltimo paso en el sistema de preinscripci\u00f3n de FIM ISDE \u00a0\"}]},{\"@type\":\"WebSite\",\"@id\":\"https:\/\/2023.fim-6days.com\/#website\",\"url\":\"https:\/\/2023.fim-6days.com\/\",\"name\":\"FIM ISDE 2021\",\"description\":\"FIM ISDE Official website\",\"publisher\":{\"@id\":\"https:\/\/2023.fim-6days.com\/#organization\"},\"potentialAction\":[{\"@type\":\"SearchAction\",\"target\":{\"@type\":\"EntryPoint\",\"urlTemplate\":\"https:\/\/2023.fim-6days.com\/?s={search_term_string}\"},\"query-input\":{\"@type\":\"PropertyValueSpecification\",\"valueRequired\":true,\"valueName\":\"search_term_string\"}}],\"inLanguage\":\"es\"},{\"@type\":\"Organization\",\"@id\":\"https:\/\/2023.fim-6days.com\/#organization\",\"name\":\"FIM - F\u00e9d\u00e9ration Internationale de Motocyclisme\",\"url\":\"https:\/\/2023.fim-6days.com\/\",\"logo\":{\"@type\":\"ImageObject\",\"inLanguage\":\"es\",\"@id\":\"https:\/\/2023.fim-6days.com\/#\/schema\/logo\/image\/\",\"url\":\"https:\/\/2023.fim-6days.com\/wp-content\/uploads\/sites\/8\/2019\/07\/LogoFIM-CMYK.png\",\"contentUrl\":\"https:\/\/2023.fim-6days.com\/wp-content\/uploads\/sites\/8\/2019\/07\/LogoFIM-CMYK.png\",\"width\":2608,\"height\":1833,\"caption\":\"FIM - F\u00e9d\u00e9ration Internationale de Motocyclisme\"},\"image\":{\"@id\":\"https:\/\/2023.fim-6days.com\/#\/schema\/logo\/image\/\"},\"sameAs\":[\"https:\/\/www.facebook.com\/FIMISDE\/\",\"https:\/\/x.com\/fimisde\",\"https:\/\/www.instagram.com\/fim_isde\/\"]},{\"@type\":\"Person\",\"@id\":\"https:\/\/2023.fim-6days.com\/#\/schema\/person\/5fc7c767c2df2b6709c492adc4581939\",\"name\":\"aymeric\",\"image\":{\"@type\":\"ImageObject\",\"inLanguage\":\"es\",\"@id\":\"https:\/\/2023.fim-6days.com\/#\/schema\/person\/image\/\",\"url\":\"https:\/\/secure.gravatar.com\/avatar\/1cf3f06a949a216676f58c4abf152a024ee22975beb4f4a286597c2559683150?s=96&d=mm&r=g\",\"contentUrl\":\"https:\/\/secure.gravatar.com\/avatar\/1cf3f06a949a216676f58c4abf152a024ee22975beb4f4a286597c2559683150?s=96&d=mm&r=g\",\"caption\":\"aymeric\"},\"url\":\"https:\/\/2023.fim-6days.com\/es\/author\/aymeric\/\"}]}<\/script>\n<!-- \/ Yoast SEO plugin. -->","yoast_head_json":{"title":"\u00daltimo paso en el sistema de preinscripci\u00f3n de FIM ISDE \u00a0 - FIM ISDE 2023","description":"El nuevo sistema de preinscripci\u00f3n para los FIM International Six Days of Enduro (ISDE) de este a\u00f1o ha avanzado hasta el quinto y \u00faltimo paso.","robots":{"index":"index","follow":"follow","max-snippet":"max-snippet:-1","max-image-preview":"max-image-preview:large","max-video-preview":"max-video-preview:-1"},"canonical":"https:\/\/2023.fim-6days.com\/es\/ultimo-paso-para-el-sistema-de-preinscripcion-de-los-fim-isde\/","og_locale":"es_ES","og_type":"article","og_title":"\u00daltimo paso en el sistema de preinscripci\u00f3n de FIM ISDE \u00a0 - FIM ISDE 2023","og_description":"El nuevo sistema de preinscripci\u00f3n para los FIM International Six Days of Enduro (ISDE) de este a\u00f1o ha avanzado hasta el quinto y \u00faltimo paso.","og_url":"https:\/\/2023.fim-6days.com\/es\/ultimo-paso-para-el-sistema-de-preinscripcion-de-los-fim-isde\/","og_site_name":"FIM ISDE 2023","article_publisher":"https:\/\/www.facebook.com\/FIMISDE\/","article_published_time":"2023-07-25T07:28:26+00:00","article_modified_time":"2023-07-25T08:41:09+00:00","og_image":[{"width":1920,"height":1280,"url":"https:\/\/2023.fim-6days.com\/wp-content\/uploads\/sites\/8\/2023\/07\/gb220903_ISDE_France_1742.jpg","type":"image\/jpeg"}],"author":"aymeric","twitter_card":"summary_large_image","twitter_creator":"@fimisde","twitter_site":"@fimisde","twitter_misc":{"Escrito por":"aymeric","Tiempo de lectura":"1 minuto"},"schema":{"@context":"https:\/\/schema.org","@graph":[{"@type":"Article","@id":"https:\/\/2023.fim-6days.com\/es\/ultimo-paso-para-el-sistema-de-preinscripcion-de-los-fim-isde\/#article","isPartOf":{"@id":"https:\/\/2023.fim-6days.com\/es\/ultimo-paso-para-el-sistema-de-preinscripcion-de-los-fim-isde\/"},"author":{"name":"aymeric","@id":"https:\/\/2023.fim-6days.com\/#\/schema\/person\/5fc7c767c2df2b6709c492adc4581939"},"headline":"\u00daltimo paso en el sistema de preinscripci\u00f3n de FIM ISDE \u00a0","datePublished":"2023-07-25T07:28:26+00:00","dateModified":"2023-07-25T08:41:09+00:00","mainEntityOfPage":{"@id":"https:\/\/2023.fim-6days.com\/es\/ultimo-paso-para-el-sistema-de-preinscripcion-de-los-fim-isde\/"},"wordCount":208,"publisher":{"@id":"https:\/\/2023.fim-6days.com\/#organization"},"image":{"@id":"https:\/\/2023.fim-6days.com\/es\/ultimo-paso-para-el-sistema-de-preinscripcion-de-los-fim-isde\/#primaryimage"},"thumbnailUrl":"https:\/\/2023.fim-6days.com\/wp-content\/uploads\/sites\/8\/2023\/07\/gb220903_ISDE_France_1742.jpg","articleSection":["Antes de ISDE2023","Noticias"],"inLanguage":"es"},{"@type":"WebPage","@id":"https:\/\/2023.fim-6days.com\/es\/ultimo-paso-para-el-sistema-de-preinscripcion-de-los-fim-isde\/","url":"https:\/\/2023.fim-6days.com\/es\/ultimo-paso-para-el-sistema-de-preinscripcion-de-los-fim-isde\/","name":"\u00daltimo paso en el sistema de preinscripci\u00f3n de FIM ISDE \u00a0 - FIM ISDE 2023","isPartOf":{"@id":"https:\/\/2023.fim-6days.com\/#website"},"primaryImageOfPage":{"@id":"https:\/\/2023.fim-6days.com\/es\/ultimo-paso-para-el-sistema-de-preinscripcion-de-los-fim-isde\/#primaryimage"},"image":{"@id":"https:\/\/2023.fim-6days.com\/es\/ultimo-paso-para-el-sistema-de-preinscripcion-de-los-fim-isde\/#primaryimage"},"thumbnailUrl":"https:\/\/2023.fim-6days.com\/wp-content\/uploads\/sites\/8\/2023\/07\/gb220903_ISDE_France_1742.jpg","datePublished":"2023-07-25T07:28:26+00:00","dateModified":"2023-07-25T08:41:09+00:00","description":"El nuevo sistema de preinscripci\u00f3n para los FIM International Six Days of Enduro (ISDE) de este a\u00f1o ha avanzado hasta el quinto y \u00faltimo paso.","breadcrumb":{"@id":"https:\/\/2023.fim-6days.com\/es\/ultimo-paso-para-el-sistema-de-preinscripcion-de-los-fim-isde\/#breadcrumb"},"inLanguage":"es","potentialAction":[{"@type":"ReadAction","target":["https:\/\/2023.fim-6days.com\/es\/ultimo-paso-para-el-sistema-de-preinscripcion-de-los-fim-isde\/"]}]},{"@type":"ImageObject","inLanguage":"es","@id":"https:\/\/2023.fim-6days.com\/es\/ultimo-paso-para-el-sistema-de-preinscripcion-de-los-fim-isde\/#primaryimage","url":"https:\/\/2023.fim-6days.com\/wp-content\/uploads\/sites\/8\/2023\/07\/gb220903_ISDE_France_1742.jpg","contentUrl":"https:\/\/2023.fim-6days.com\/wp-content\/uploads\/sites\/8\/2023\/07\/gb220903_ISDE_France_1742.jpg","width":1920,"height":1280,"caption":"World Trophy's British ACU"},{"@type":"BreadcrumbList","@id":"https:\/\/2023.fim-6days.com\/es\/ultimo-paso-para-el-sistema-de-preinscripcion-de-los-fim-isde\/#breadcrumb","itemListElement":[{"@type":"ListItem","position":1,"name":"Home","item":"https:\/\/2023.fim-6days.com\/es\/"},{"@type":"ListItem","position":2,"name":"\u00daltimo paso en el sistema de preinscripci\u00f3n de FIM ISDE \u00a0"}]},{"@type":"WebSite","@id":"https:\/\/2023.fim-6days.com\/#website","url":"https:\/\/2023.fim-6days.com\/","name":"FIM ISDE 2021","description":"FIM ISDE Official website","publisher":{"@id":"https:\/\/2023.fim-6days.com\/#organization"},"potentialAction":[{"@type":"SearchAction","target":{"@type":"EntryPoint","urlTemplate":"https:\/\/2023.fim-6days.com\/?s={search_term_string}"},"query-input":{"@type":"PropertyValueSpecification","valueRequired":true,"valueName":"search_term_string"}}],"inLanguage":"es"},{"@type":"Organization","@id":"https:\/\/2023.fim-6days.com\/#organization","name":"FIM - F\u00e9d\u00e9ration Internationale de Motocyclisme","url":"https:\/\/2023.fim-6days.com\/","logo":{"@type":"ImageObject","inLanguage":"es","@id":"https:\/\/2023.fim-6days.com\/#\/schema\/logo\/image\/","url":"https:\/\/2023.fim-6days.com\/wp-content\/uploads\/sites\/8\/2019\/07\/LogoFIM-CMYK.png","contentUrl":"https:\/\/2023.fim-6days.com\/wp-content\/uploads\/sites\/8\/2019\/07\/LogoFIM-CMYK.png","width":2608,"height":1833,"caption":"FIM - F\u00e9d\u00e9ration Internationale de Motocyclisme"},"image":{"@id":"https:\/\/2023.fim-6days.com\/#\/schema\/logo\/image\/"},"sameAs":["https:\/\/www.facebook.com\/FIMISDE\/","https:\/\/x.com\/fimisde","https:\/\/www.instagram.com\/fim_isde\/"]},{"@type":"Person","@id":"https:\/\/2023.fim-6days.com\/#\/schema\/person\/5fc7c767c2df2b6709c492adc4581939","name":"aymeric","image":{"@type":"ImageObject","inLanguage":"es","@id":"https:\/\/2023.fim-6days.com\/#\/schema\/person\/image\/","url":"https:\/\/secure.gravatar.com\/avatar\/1cf3f06a949a216676f58c4abf152a024ee22975beb4f4a286597c2559683150?s=96&d=mm&r=g","contentUrl":"https:\/\/secure.gravatar.com\/avatar\/1cf3f06a949a216676f58c4abf152a024ee22975beb4f4a286597c2559683150?s=96&d=mm&r=g","caption":"aymeric"},"url":"https:\/\/2023.fim-6days.com\/es\/author\/aymeric\/"}]}},"_links":{"self":[{"href":"https:\/\/2023.fim-6days.com\/es\/wp-json\/wp\/v2\/posts\/47910","targetHints":{"allow":["GET"]}}],"collection":[{"href":"https:\/\/2023.fim-6days.com\/es\/wp-json\/wp\/v2\/posts"}],"about":[{"href":"https:\/\/2023.fim-6days.com\/es\/wp-json\/wp\/v2\/types\/post"}],"author":[{"embeddable":true,"href":"https:\/\/2023.fim-6days.com\/es\/wp-json\/wp\/v2\/users\/15"}],"replies":[{"embeddable":true,"href":"https:\/\/2023.fim-6days.com\/es\/wp-json\/wp\/v2\/comments?post=47910"}],"version-history":[{"count":5,"href":"https:\/\/2023.fim-6days.com\/es\/wp-json\/wp\/v2\/posts\/47910\/revisions"}],"predecessor-version":[{"id":47923,"href":"https:\/\/2023.fim-6days.com\/es\/wp-json\/wp\/v2\/posts\/47910\/revisions\/47923"}],"wp:featuredmedia":[{"embeddable":true,"href":"https:\/\/2023.fim-6days.com\/es\/wp-json\/wp\/v2\/media\/47865"}],"wp:attachment":[{"href":"https:\/\/2023.fim-6days.com\/es\/wp-json\/wp\/v2\/media?parent=47910"}],"wp:term":[{"taxonomy":"category","embeddable":true,"href":"https:\/\/2023.fim-6days.com\/es\/wp-json\/wp\/v2\/categories?post=47910"},{"taxonomy":"post_tag","embeddable":true,"href":"https:\/\/2023.fim-6days.com\/es\/wp-json\/wp\/v2\/tags?post=47910"}],"curies":[{"name":"wp","href":"https:\/\/api.w.org\/{rel}","templated":true}]}}