{"id":46967,"date":"2023-03-31T09:55:16","date_gmt":"2023-03-31T07:55:16","guid":{"rendered":"https:\/\/2023.fim-6days.com\/?p=46967"},"modified":"2023-03-31T09:55:16","modified_gmt":"2023-03-31T07:55:16","slug":"marca-la-tendencia-en-los-isde-de-2023-en-argentina-con-los-paquetes-ktm-rental-y-racing-service","status":"publish","type":"post","link":"https:\/\/2023.fim-6days.com\/es\/marca-la-tendencia-en-los-isde-de-2023-en-argentina-con-los-paquetes-ktm-rental-y-racing-service\/","title":{"rendered":"Marca la tendencia en los ISDE de 2023 en Argentina con los paquetes KTM Rental y Racing Service"},"content":{"rendered":"<div class=\"fusion-fullwidth fullwidth-box fusion-builder-row-1 fusion-flex-container nonhundred-percent-fullwidth non-hundred-percent-height-scrolling\" style=\"--awb-border-radius-top-left:0px;--awb-border-radius-top-right:0px;--awb-border-radius-bottom-right:0px;--awb-border-radius-bottom-left:0px;--awb-padding-top:0px;--awb-padding-bottom:0px;--awb-flex-wrap:wrap;\" ><div class=\"fusion-builder-row fusion-row fusion-flex-align-items-flex-start fusion-flex-content-wrap\" style=\"max-width:1248px;margin-left: calc(-4% \/ 2 );margin-right: calc(-4% \/ 2 );\"><div class=\"fusion-layout-column fusion_builder_column fusion-builder-column-0 fusion_builder_column_1_1 1_1 fusion-flex-column\" style=\"--awb-padding-top:0px;--awb-padding-bottom:0px;--awb-bg-size:cover;--awb-width-large:100%;--awb-margin-top-large:0px;--awb-spacing-right-large:1.92%;--awb-margin-bottom-large:0px;--awb-spacing-left-large:1.92%;--awb-width-medium:100%;--awb-order-medium:0;--awb-spacing-right-medium:1.92%;--awb-spacing-left-medium:1.92%;--awb-width-small:100%;--awb-order-small:0;--awb-spacing-right-small:1.92%;--awb-spacing-left-small:1.92%;\"><div class=\"fusion-column-wrapper fusion-column-has-shadow fusion-flex-justify-content-flex-start fusion-content-layout-column\"><div class=\"fusion-text fusion-text-1\" style=\"--awb-text-transform:none;\"><p><strong>Puede que el continente y el huso horario hayan cambiado, pero la exigencia, el prestigio y la competici\u00f3n de alto nivel de la carrera m\u00e1s antigua del mundo siguen siendo los mismos. KTM se enorgullece una vez m\u00e1s de ser socio oficial del FIM International Six Days of Enduro en San Juan del 6 al 11 de noviembre y ofrece un servicio READY TO RACE de primera clase en el lugar, as\u00ed como la posibilidad de alquilar el nuevo modelo KTM 350 EXC-F SIX DAYS. Ambas opciones ya se pueden reservar a trav\u00e9s de una plataforma online.<\/strong><\/p>\n<p>Tras su emocionante paso por Le Puy En Velay (Francia) el pasado verano, el ISDE, que ya va por su 97\u00aa edici\u00f3n, abrir\u00e1 un nuevo camino en San Juan (Argentina) en su primer regreso a Sudam\u00e9rica desde 2018 y a la famosa regi\u00f3n vitivin\u00edcola desde 2014. Se espera que m\u00e1s de 30 pa\u00edses se re\u00fanan para desafiar al campe\u00f3n vigente del Trofeo Mundial, el Reino Unido, y KTM est\u00e1 preparada para desplegar en su totalidad su ISDE Racing Service para mantener la maquinaria naranja en lo m\u00e1s alto de la tabla de resultados.<\/p>\n<p>Cualquier piloto que se inscriba en Argentina puede alquilar y acelerar la \u00faltima KTM 350 EXC-F 6DAYS, la \u00fanica moto que viaja a Sudam\u00e9rica en esta ocasi\u00f3n. Esta campeona de la categor\u00eda est\u00e1 disponible para alquiler durante todo el evento, con los gastos de transporte y seguro incluidos en el precio. Los pilotos pueden canalizar su Josep Garcia interior con esta magn\u00edfica mezcla de \u00e1gil manejo y vers\u00e1til rendimiento del motor.<\/p>\n<p>Para aquellos que lleguen a San Juan con su propia KTM EXC, el ISDE Racing Service de KTM es un servicio integral que est\u00e1 presente en todo el recorrido. Los pilotos pueden concentrarse al 100% en sus trazos y tiempos y dejar el resto al equipo de KTM. La inscripci\u00f3n supone las siguientes ventajas: acceso a las estaciones de servicio, instrucciones t\u00e9cnicas y asistencia para todo el evento (seg\u00fan lo permitido por las normas de la FIM), herramientas para el mantenimiento, l\u00edquidos y lubricantes (Motorex, aceite de motor, l\u00edquido refrigerante, spray para cadenas y combustible), actualizaciones diarias de la carrera para la configuraci\u00f3n e informaci\u00f3n sobre el evento, asistencia de WP Suspension, cajas de almacenamiento (guantes, gafas, neum\u00e1ticos y otros art\u00edculos), asistencia de emergencia (repuestos, herramientas, l\u00edquidos, combustible, bebidas, snacks), servicio de repuestos (el costo de los repuestos no est\u00e1 incluido), un filtro de aire por d\u00eda, una revisi\u00f3n de la moto despu\u00e9s del pre-ride (antes del control t\u00e9cnico), bebidas fr\u00edas durante la semana de carrera y comida diaria (a confirmar).<\/p>\n<\/div><div class=\"fusion-text fusion-text-2\" style=\"--awb-text-transform:none;\"><p>Para reservar una KTM 350 EXC-F SIX DAYS para competir o un lugar en el KTM ISDE Racing Service, s\u00f3lo tiene que acceder a esta plataforma online: <a href=\"https:\/\/events.ktm.com\/isde2023\">online platform<\/a>. Las reservas pueden confirmarse mediante pago con tarjeta de cr\u00e9dito.<\/p>\n<p style=\"text-align: left;\"><div class=\"fusion-button-wrapper\"><a class=\"fusion-button button-flat fusion-button-default-size button-default fusion-button-default button-1 fusion-button-default-span fusion-button-default-type\" target=\"_self\" href=\"https:\/\/events.ktm.com\/isde2023\"><span class=\"fusion-button-text awb-button__text awb-button__text--default\">BOOK YOUR KTM RACING SERVICE NOW!<\/span><\/a><\/div><\/p>\n<p style=\"text-align: left;\"><strong>\u00a9 KTM Communications <\/strong><\/p>\n<\/div><div class=\"fusion-separator fusion-full-width-sep\" style=\"align-self: center;margin-left: auto;margin-right: auto;width:100%;\"><div class=\"fusion-separator-border sep-double sep-solid\" style=\"--awb-height:20px;--awb-amount:20px;border-color:#dddbdb;border-top-width:1px;border-bottom-width:1px;\"><\/div><\/div><div class=\"fusion-image-carousel fusion-image-carousel-auto fusion-image-carousel-1 fusion-carousel-border\"><div class=\"awb-carousel awb-swiper awb-swiper-carousel awb-swiper-dots-position-bottom awb-carousel--carousel\" data-layout=\"carousel\" data-autoplay=\"no\" data-autoplayspeed=\"4500\" data-autoplaypause=\"no\" data-columns=\"2\" data-itemmargin=\"0\" data-itemwidth=\"180\" data-touchscroll=\"no\" data-freemode=\"no\" data-imagesize=\"auto\" data-scrollitems=\"0\" data-centeredslides=\"no\" data-rotationangle=\"50\" data-depth=\"100\" data-speed=\"500\" data-shadow=\"no\" style=\"--awb-columns:2;--awb-column-spacing:0px;--awb-border-width:1px;--awb-border-color:#e9eaee;\"><div class=\"swiper-wrapper awb-image-carousel-wrapper fusion-flex-align-items-center\"><div class=\"swiper-slide\"><div class=\"fusion-carousel-item-wrapper\"><div class=\"fusion-image-wrapper hover-type-none\"><img decoding=\"async\" width=\"3509\" height=\"1253\" src=\"https:\/\/2023.fim-6days.com\/wp-content\/uploads\/sites\/8\/2023\/03\/ISDE2023-Racing-Service-KTM.png\" class=\"attachment-full size-full\" alt=\"\" srcset=\"https:\/\/2023.fim-6days.com\/wp-content\/uploads\/sites\/8\/2023\/03\/ISDE2023-Racing-Service-KTM-200x71.png 200w, https:\/\/2023.fim-6days.com\/wp-content\/uploads\/sites\/8\/2023\/03\/ISDE2023-Racing-Service-KTM-300x107.png 300w, https:\/\/2023.fim-6days.com\/wp-content\/uploads\/sites\/8\/2023\/03\/ISDE2023-Racing-Service-KTM-400x143.png 400w, https:\/\/2023.fim-6days.com\/wp-content\/uploads\/sites\/8\/2023\/03\/ISDE2023-Racing-Service-KTM-600x214.png 600w, https:\/\/2023.fim-6days.com\/wp-content\/uploads\/sites\/8\/2023\/03\/ISDE2023-Racing-Service-KTM-768x274.png 768w, https:\/\/2023.fim-6days.com\/wp-content\/uploads\/sites\/8\/2023\/03\/ISDE2023-Racing-Service-KTM-800x286.png 800w, https:\/\/2023.fim-6days.com\/wp-content\/uploads\/sites\/8\/2023\/03\/ISDE2023-Racing-Service-KTM-1200x428.png 1200w, https:\/\/2023.fim-6days.com\/wp-content\/uploads\/sites\/8\/2023\/03\/ISDE2023-Racing-Service-KTM-1536x548.png 1536w, https:\/\/2023.fim-6days.com\/wp-content\/uploads\/sites\/8\/2023\/03\/ISDE2023-Racing-Service-KTM.png 3509w\" sizes=\"(max-width: 3509px) 100vw, 3509px\" \/><\/div><\/div><\/div><\/div><div class=\"awb-swiper-button awb-swiper-button-prev\"><i class=\"awb-icon-angle-left\" aria-hidden=\"true\"><\/i><\/div><div class=\"awb-swiper-button awb-swiper-button-next\"><i class=\"awb-icon-angle-right\" aria-hidden=\"true\"><\/i><\/div><\/div><\/div><\/div><\/div><\/div><\/div>\n","protected":false},"excerpt":{"rendered":"","protected":false},"author":14,"featured_media":46978,"comment_status":"closed","ping_status":"closed","sticky":false,"template":"","format":"standard","meta":{"inline_featured_image":false,"footnotes":""},"categories":[112,108],"tags":[],"class_list":["post-46967","post","type-post","status-publish","format-standard","has-post-thumbnail","hentry","category-before-isde2023-es","category-news-es"],"yoast_head":"<!-- This site is optimized with the Yoast SEO plugin v25.6 - https:\/\/yoast.com\/wordpress\/plugins\/seo\/ -->\n<title>Marca la tendencia en los ISDE de 2023 en Argentina con los paquetes KTM Rental y Racing Service - FIM ISDE 2023<\/title>\n<meta name=\"description\" content=\"KTM se enorgullece una vez m\u00e1s de ser socio oficial del FIM International Six Days of Enduro en San Juan del 6 al 11 de noviembre y ofrece un servicio READY TO RACE de primera clase en el lugar, as\u00ed como la posibilidad de alquilar el nuevo modelo KTM 350 EXC-F SIX DAYS\" \/>\n<meta name=\"robots\" content=\"index, follow, max-snippet:-1, max-image-preview:large, max-video-preview:-1\" \/>\n<link rel=\"canonical\" href=\"https:\/\/2023.fim-6days.com\/es\/marca-la-tendencia-en-los-isde-de-2023-en-argentina-con-los-paquetes-ktm-rental-y-racing-service\/\" \/>\n<meta property=\"og:locale\" content=\"es_ES\" \/>\n<meta property=\"og:type\" content=\"article\" \/>\n<meta property=\"og:title\" content=\"Marca la tendencia en los ISDE de 2023 en Argentina con los paquetes KTM Rental y Racing Service - FIM ISDE 2023\" \/>\n<meta property=\"og:description\" content=\"KTM se enorgullece una vez m\u00e1s de ser socio oficial del FIM International Six Days of Enduro en San Juan del 6 al 11 de noviembre y ofrece un servicio READY TO RACE de primera clase en el lugar, as\u00ed como la posibilidad de alquilar el nuevo modelo KTM 350 EXC-F SIX DAYS\" \/>\n<meta property=\"og:url\" content=\"https:\/\/2023.fim-6days.com\/es\/marca-la-tendencia-en-los-isde-de-2023-en-argentina-con-los-paquetes-ktm-rental-y-racing-service\/\" \/>\n<meta property=\"og:site_name\" content=\"FIM ISDE 2023\" \/>\n<meta property=\"article:publisher\" content=\"https:\/\/www.facebook.com\/FIMISDE\/\" \/>\n<meta property=\"article:published_time\" content=\"2023-03-31T07:55:16+00:00\" \/>\n<meta property=\"og:image\" content=\"https:\/\/2023.fim-6days.com\/wp-content\/uploads\/sites\/8\/2023\/03\/rsz_1220829_isde_france_0986_c_future7media.jpg\" \/>\n\t<meta property=\"og:image:width\" content=\"1200\" \/>\n\t<meta property=\"og:image:height\" content=\"800\" \/>\n\t<meta property=\"og:image:type\" content=\"image\/jpeg\" \/>\n<meta name=\"author\" content=\"isalen\" \/>\n<meta name=\"twitter:card\" content=\"summary_large_image\" \/>\n<meta name=\"twitter:creator\" content=\"@fimisde\" \/>\n<meta name=\"twitter:site\" content=\"@fimisde\" \/>\n<meta name=\"twitter:label1\" content=\"Escrito por\" \/>\n\t<meta name=\"twitter:data1\" content=\"isalen\" \/>\n\t<meta name=\"twitter:label2\" content=\"Tiempo de lectura\" \/>\n\t<meta name=\"twitter:data2\" content=\"5 minutos\" \/>\n<script type=\"application\/ld+json\" class=\"yoast-schema-graph\">{\"@context\":\"https:\/\/schema.org\",\"@graph\":[{\"@type\":\"Article\",\"@id\":\"https:\/\/2023.fim-6days.com\/es\/marca-la-tendencia-en-los-isde-de-2023-en-argentina-con-los-paquetes-ktm-rental-y-racing-service\/#article\",\"isPartOf\":{\"@id\":\"https:\/\/2023.fim-6days.com\/es\/marca-la-tendencia-en-los-isde-de-2023-en-argentina-con-los-paquetes-ktm-rental-y-racing-service\/\"},\"author\":{\"name\":\"isalen\",\"@id\":\"https:\/\/2023.fim-6days.com\/#\/schema\/person\/fc80183700e96a22afb3f220ae03b32a\"},\"headline\":\"Marca la tendencia en los ISDE de 2023 en Argentina con los paquetes KTM Rental y Racing Service\",\"datePublished\":\"2023-03-31T07:55:16+00:00\",\"mainEntityOfPage\":{\"@id\":\"https:\/\/2023.fim-6days.com\/es\/marca-la-tendencia-en-los-isde-de-2023-en-argentina-con-los-paquetes-ktm-rental-y-racing-service\/\"},\"wordCount\":1657,\"publisher\":{\"@id\":\"https:\/\/2023.fim-6days.com\/#organization\"},\"image\":{\"@id\":\"https:\/\/2023.fim-6days.com\/es\/marca-la-tendencia-en-los-isde-de-2023-en-argentina-con-los-paquetes-ktm-rental-y-racing-service\/#primaryimage\"},\"thumbnailUrl\":\"https:\/\/2023.fim-6days.com\/wp-content\/uploads\/sites\/8\/2023\/03\/rsz_1220829_isde_france_0986_c_future7media.jpg\",\"articleSection\":[\"Antes de ISDE2023\",\"Noticias\"],\"inLanguage\":\"es\"},{\"@type\":\"WebPage\",\"@id\":\"https:\/\/2023.fim-6days.com\/es\/marca-la-tendencia-en-los-isde-de-2023-en-argentina-con-los-paquetes-ktm-rental-y-racing-service\/\",\"url\":\"https:\/\/2023.fim-6days.com\/es\/marca-la-tendencia-en-los-isde-de-2023-en-argentina-con-los-paquetes-ktm-rental-y-racing-service\/\",\"name\":\"Marca la tendencia en los ISDE de 2023 en Argentina con los paquetes KTM Rental y Racing Service - FIM ISDE 2023\",\"isPartOf\":{\"@id\":\"https:\/\/2023.fim-6days.com\/#website\"},\"primaryImageOfPage\":{\"@id\":\"https:\/\/2023.fim-6days.com\/es\/marca-la-tendencia-en-los-isde-de-2023-en-argentina-con-los-paquetes-ktm-rental-y-racing-service\/#primaryimage\"},\"image\":{\"@id\":\"https:\/\/2023.fim-6days.com\/es\/marca-la-tendencia-en-los-isde-de-2023-en-argentina-con-los-paquetes-ktm-rental-y-racing-service\/#primaryimage\"},\"thumbnailUrl\":\"https:\/\/2023.fim-6days.com\/wp-content\/uploads\/sites\/8\/2023\/03\/rsz_1220829_isde_france_0986_c_future7media.jpg\",\"datePublished\":\"2023-03-31T07:55:16+00:00\",\"description\":\"KTM se enorgullece una vez m\u00e1s de ser socio oficial del FIM International Six Days of Enduro en San Juan del 6 al 11 de noviembre y ofrece un servicio READY TO RACE de primera clase en el lugar, as\u00ed como la posibilidad de alquilar el nuevo modelo KTM 350 EXC-F SIX DAYS\",\"breadcrumb\":{\"@id\":\"https:\/\/2023.fim-6days.com\/es\/marca-la-tendencia-en-los-isde-de-2023-en-argentina-con-los-paquetes-ktm-rental-y-racing-service\/#breadcrumb\"},\"inLanguage\":\"es\",\"potentialAction\":[{\"@type\":\"ReadAction\",\"target\":[\"https:\/\/2023.fim-6days.com\/es\/marca-la-tendencia-en-los-isde-de-2023-en-argentina-con-los-paquetes-ktm-rental-y-racing-service\/\"]}]},{\"@type\":\"ImageObject\",\"inLanguage\":\"es\",\"@id\":\"https:\/\/2023.fim-6days.com\/es\/marca-la-tendencia-en-los-isde-de-2023-en-argentina-con-los-paquetes-ktm-rental-y-racing-service\/#primaryimage\",\"url\":\"https:\/\/2023.fim-6days.com\/wp-content\/uploads\/sites\/8\/2023\/03\/rsz_1220829_isde_france_0986_c_future7media.jpg\",\"contentUrl\":\"https:\/\/2023.fim-6days.com\/wp-content\/uploads\/sites\/8\/2023\/03\/rsz_1220829_isde_france_0986_c_future7media.jpg\",\"width\":1200,\"height\":800},{\"@type\":\"BreadcrumbList\",\"@id\":\"https:\/\/2023.fim-6days.com\/es\/marca-la-tendencia-en-los-isde-de-2023-en-argentina-con-los-paquetes-ktm-rental-y-racing-service\/#breadcrumb\",\"itemListElement\":[{\"@type\":\"ListItem\",\"position\":1,\"name\":\"Home\",\"item\":\"https:\/\/2023.fim-6days.com\/es\/\"},{\"@type\":\"ListItem\",\"position\":2,\"name\":\"Marca la tendencia en los ISDE de 2023 en Argentina con los paquetes KTM Rental y Racing Service\"}]},{\"@type\":\"WebSite\",\"@id\":\"https:\/\/2023.fim-6days.com\/#website\",\"url\":\"https:\/\/2023.fim-6days.com\/\",\"name\":\"FIM ISDE 2021\",\"description\":\"FIM ISDE Official website\",\"publisher\":{\"@id\":\"https:\/\/2023.fim-6days.com\/#organization\"},\"potentialAction\":[{\"@type\":\"SearchAction\",\"target\":{\"@type\":\"EntryPoint\",\"urlTemplate\":\"https:\/\/2023.fim-6days.com\/?s={search_term_string}\"},\"query-input\":{\"@type\":\"PropertyValueSpecification\",\"valueRequired\":true,\"valueName\":\"search_term_string\"}}],\"inLanguage\":\"es\"},{\"@type\":\"Organization\",\"@id\":\"https:\/\/2023.fim-6days.com\/#organization\",\"name\":\"FIM - F\u00e9d\u00e9ration Internationale de Motocyclisme\",\"url\":\"https:\/\/2023.fim-6days.com\/\",\"logo\":{\"@type\":\"ImageObject\",\"inLanguage\":\"es\",\"@id\":\"https:\/\/2023.fim-6days.com\/#\/schema\/logo\/image\/\",\"url\":\"https:\/\/2023.fim-6days.com\/wp-content\/uploads\/sites\/8\/2019\/07\/LogoFIM-CMYK.png\",\"contentUrl\":\"https:\/\/2023.fim-6days.com\/wp-content\/uploads\/sites\/8\/2019\/07\/LogoFIM-CMYK.png\",\"width\":2608,\"height\":1833,\"caption\":\"FIM - F\u00e9d\u00e9ration Internationale de Motocyclisme\"},\"image\":{\"@id\":\"https:\/\/2023.fim-6days.com\/#\/schema\/logo\/image\/\"},\"sameAs\":[\"https:\/\/www.facebook.com\/FIMISDE\/\",\"https:\/\/x.com\/fimisde\",\"https:\/\/www.instagram.com\/fim_isde\/\"]},{\"@type\":\"Person\",\"@id\":\"https:\/\/2023.fim-6days.com\/#\/schema\/person\/fc80183700e96a22afb3f220ae03b32a\",\"name\":\"isalen\",\"image\":{\"@type\":\"ImageObject\",\"inLanguage\":\"es\",\"@id\":\"https:\/\/2023.fim-6days.com\/#\/schema\/person\/image\/\",\"url\":\"https:\/\/secure.gravatar.com\/avatar\/b498bfa446460353cfcc6e023d9c28e3e84ef3798b7f90c38b5d03254eed1837?s=96&d=mm&r=g\",\"contentUrl\":\"https:\/\/secure.gravatar.com\/avatar\/b498bfa446460353cfcc6e023d9c28e3e84ef3798b7f90c38b5d03254eed1837?s=96&d=mm&r=g\",\"caption\":\"isalen\"},\"url\":\"https:\/\/2023.fim-6days.com\/es\/author\/isalen\/\"}]}<\/script>\n<!-- \/ Yoast SEO plugin. -->","yoast_head_json":{"title":"Marca la tendencia en los ISDE de 2023 en Argentina con los paquetes KTM Rental y Racing Service - FIM ISDE 2023","description":"KTM se enorgullece una vez m\u00e1s de ser socio oficial del FIM International Six Days of Enduro en San Juan del 6 al 11 de noviembre y ofrece un servicio READY TO RACE de primera clase en el lugar, as\u00ed como la posibilidad de alquilar el nuevo modelo KTM 350 EXC-F SIX DAYS","robots":{"index":"index","follow":"follow","max-snippet":"max-snippet:-1","max-image-preview":"max-image-preview:large","max-video-preview":"max-video-preview:-1"},"canonical":"https:\/\/2023.fim-6days.com\/es\/marca-la-tendencia-en-los-isde-de-2023-en-argentina-con-los-paquetes-ktm-rental-y-racing-service\/","og_locale":"es_ES","og_type":"article","og_title":"Marca la tendencia en los ISDE de 2023 en Argentina con los paquetes KTM Rental y Racing Service - FIM ISDE 2023","og_description":"KTM se enorgullece una vez m\u00e1s de ser socio oficial del FIM International Six Days of Enduro en San Juan del 6 al 11 de noviembre y ofrece un servicio READY TO RACE de primera clase en el lugar, as\u00ed como la posibilidad de alquilar el nuevo modelo KTM 350 EXC-F SIX DAYS","og_url":"https:\/\/2023.fim-6days.com\/es\/marca-la-tendencia-en-los-isde-de-2023-en-argentina-con-los-paquetes-ktm-rental-y-racing-service\/","og_site_name":"FIM ISDE 2023","article_publisher":"https:\/\/www.facebook.com\/FIMISDE\/","article_published_time":"2023-03-31T07:55:16+00:00","og_image":[{"width":1200,"height":800,"url":"https:\/\/2023.fim-6days.com\/wp-content\/uploads\/sites\/8\/2023\/03\/rsz_1220829_isde_france_0986_c_future7media.jpg","type":"image\/jpeg"}],"author":"isalen","twitter_card":"summary_large_image","twitter_creator":"@fimisde","twitter_site":"@fimisde","twitter_misc":{"Escrito por":"isalen","Tiempo de lectura":"5 minutos"},"schema":{"@context":"https:\/\/schema.org","@graph":[{"@type":"Article","@id":"https:\/\/2023.fim-6days.com\/es\/marca-la-tendencia-en-los-isde-de-2023-en-argentina-con-los-paquetes-ktm-rental-y-racing-service\/#article","isPartOf":{"@id":"https:\/\/2023.fim-6days.com\/es\/marca-la-tendencia-en-los-isde-de-2023-en-argentina-con-los-paquetes-ktm-rental-y-racing-service\/"},"author":{"name":"isalen","@id":"https:\/\/2023.fim-6days.com\/#\/schema\/person\/fc80183700e96a22afb3f220ae03b32a"},"headline":"Marca la tendencia en los ISDE de 2023 en Argentina con los paquetes KTM Rental y Racing Service","datePublished":"2023-03-31T07:55:16+00:00","mainEntityOfPage":{"@id":"https:\/\/2023.fim-6days.com\/es\/marca-la-tendencia-en-los-isde-de-2023-en-argentina-con-los-paquetes-ktm-rental-y-racing-service\/"},"wordCount":1657,"publisher":{"@id":"https:\/\/2023.fim-6days.com\/#organization"},"image":{"@id":"https:\/\/2023.fim-6days.com\/es\/marca-la-tendencia-en-los-isde-de-2023-en-argentina-con-los-paquetes-ktm-rental-y-racing-service\/#primaryimage"},"thumbnailUrl":"https:\/\/2023.fim-6days.com\/wp-content\/uploads\/sites\/8\/2023\/03\/rsz_1220829_isde_france_0986_c_future7media.jpg","articleSection":["Antes de ISDE2023","Noticias"],"inLanguage":"es"},{"@type":"WebPage","@id":"https:\/\/2023.fim-6days.com\/es\/marca-la-tendencia-en-los-isde-de-2023-en-argentina-con-los-paquetes-ktm-rental-y-racing-service\/","url":"https:\/\/2023.fim-6days.com\/es\/marca-la-tendencia-en-los-isde-de-2023-en-argentina-con-los-paquetes-ktm-rental-y-racing-service\/","name":"Marca la tendencia en los ISDE de 2023 en Argentina con los paquetes KTM Rental y Racing Service - FIM ISDE 2023","isPartOf":{"@id":"https:\/\/2023.fim-6days.com\/#website"},"primaryImageOfPage":{"@id":"https:\/\/2023.fim-6days.com\/es\/marca-la-tendencia-en-los-isde-de-2023-en-argentina-con-los-paquetes-ktm-rental-y-racing-service\/#primaryimage"},"image":{"@id":"https:\/\/2023.fim-6days.com\/es\/marca-la-tendencia-en-los-isde-de-2023-en-argentina-con-los-paquetes-ktm-rental-y-racing-service\/#primaryimage"},"thumbnailUrl":"https:\/\/2023.fim-6days.com\/wp-content\/uploads\/sites\/8\/2023\/03\/rsz_1220829_isde_france_0986_c_future7media.jpg","datePublished":"2023-03-31T07:55:16+00:00","description":"KTM se enorgullece una vez m\u00e1s de ser socio oficial del FIM International Six Days of Enduro en San Juan del 6 al 11 de noviembre y ofrece un servicio READY TO RACE de primera clase en el lugar, as\u00ed como la posibilidad de alquilar el nuevo modelo KTM 350 EXC-F SIX DAYS","breadcrumb":{"@id":"https:\/\/2023.fim-6days.com\/es\/marca-la-tendencia-en-los-isde-de-2023-en-argentina-con-los-paquetes-ktm-rental-y-racing-service\/#breadcrumb"},"inLanguage":"es","potentialAction":[{"@type":"ReadAction","target":["https:\/\/2023.fim-6days.com\/es\/marca-la-tendencia-en-los-isde-de-2023-en-argentina-con-los-paquetes-ktm-rental-y-racing-service\/"]}]},{"@type":"ImageObject","inLanguage":"es","@id":"https:\/\/2023.fim-6days.com\/es\/marca-la-tendencia-en-los-isde-de-2023-en-argentina-con-los-paquetes-ktm-rental-y-racing-service\/#primaryimage","url":"https:\/\/2023.fim-6days.com\/wp-content\/uploads\/sites\/8\/2023\/03\/rsz_1220829_isde_france_0986_c_future7media.jpg","contentUrl":"https:\/\/2023.fim-6days.com\/wp-content\/uploads\/sites\/8\/2023\/03\/rsz_1220829_isde_france_0986_c_future7media.jpg","width":1200,"height":800},{"@type":"BreadcrumbList","@id":"https:\/\/2023.fim-6days.com\/es\/marca-la-tendencia-en-los-isde-de-2023-en-argentina-con-los-paquetes-ktm-rental-y-racing-service\/#breadcrumb","itemListElement":[{"@type":"ListItem","position":1,"name":"Home","item":"https:\/\/2023.fim-6days.com\/es\/"},{"@type":"ListItem","position":2,"name":"Marca la tendencia en los ISDE de 2023 en Argentina con los paquetes KTM Rental y Racing Service"}]},{"@type":"WebSite","@id":"https:\/\/2023.fim-6days.com\/#website","url":"https:\/\/2023.fim-6days.com\/","name":"FIM ISDE 2021","description":"FIM ISDE Official website","publisher":{"@id":"https:\/\/2023.fim-6days.com\/#organization"},"potentialAction":[{"@type":"SearchAction","target":{"@type":"EntryPoint","urlTemplate":"https:\/\/2023.fim-6days.com\/?s={search_term_string}"},"query-input":{"@type":"PropertyValueSpecification","valueRequired":true,"valueName":"search_term_string"}}],"inLanguage":"es"},{"@type":"Organization","@id":"https:\/\/2023.fim-6days.com\/#organization","name":"FIM - F\u00e9d\u00e9ration Internationale de Motocyclisme","url":"https:\/\/2023.fim-6days.com\/","logo":{"@type":"ImageObject","inLanguage":"es","@id":"https:\/\/2023.fim-6days.com\/#\/schema\/logo\/image\/","url":"https:\/\/2023.fim-6days.com\/wp-content\/uploads\/sites\/8\/2019\/07\/LogoFIM-CMYK.png","contentUrl":"https:\/\/2023.fim-6days.com\/wp-content\/uploads\/sites\/8\/2019\/07\/LogoFIM-CMYK.png","width":2608,"height":1833,"caption":"FIM - F\u00e9d\u00e9ration Internationale de Motocyclisme"},"image":{"@id":"https:\/\/2023.fim-6days.com\/#\/schema\/logo\/image\/"},"sameAs":["https:\/\/www.facebook.com\/FIMISDE\/","https:\/\/x.com\/fimisde","https:\/\/www.instagram.com\/fim_isde\/"]},{"@type":"Person","@id":"https:\/\/2023.fim-6days.com\/#\/schema\/person\/fc80183700e96a22afb3f220ae03b32a","name":"isalen","image":{"@type":"ImageObject","inLanguage":"es","@id":"https:\/\/2023.fim-6days.com\/#\/schema\/person\/image\/","url":"https:\/\/secure.gravatar.com\/avatar\/b498bfa446460353cfcc6e023d9c28e3e84ef3798b7f90c38b5d03254eed1837?s=96&d=mm&r=g","contentUrl":"https:\/\/secure.gravatar.com\/avatar\/b498bfa446460353cfcc6e023d9c28e3e84ef3798b7f90c38b5d03254eed1837?s=96&d=mm&r=g","caption":"isalen"},"url":"https:\/\/2023.fim-6days.com\/es\/author\/isalen\/"}]}},"_links":{"self":[{"href":"https:\/\/2023.fim-6days.com\/es\/wp-json\/wp\/v2\/posts\/46967","targetHints":{"allow":["GET"]}}],"collection":[{"href":"https:\/\/2023.fim-6days.com\/es\/wp-json\/wp\/v2\/posts"}],"about":[{"href":"https:\/\/2023.fim-6days.com\/es\/wp-json\/wp\/v2\/types\/post"}],"author":[{"embeddable":true,"href":"https:\/\/2023.fim-6days.com\/es\/wp-json\/wp\/v2\/users\/14"}],"replies":[{"embeddable":true,"href":"https:\/\/2023.fim-6days.com\/es\/wp-json\/wp\/v2\/comments?post=46967"}],"version-history":[{"count":3,"href":"https:\/\/2023.fim-6days.com\/es\/wp-json\/wp\/v2\/posts\/46967\/revisions"}],"predecessor-version":[{"id":47063,"href":"https:\/\/2023.fim-6days.com\/es\/wp-json\/wp\/v2\/posts\/46967\/revisions\/47063"}],"wp:featuredmedia":[{"embeddable":true,"href":"https:\/\/2023.fim-6days.com\/es\/wp-json\/wp\/v2\/media\/46978"}],"wp:attachment":[{"href":"https:\/\/2023.fim-6days.com\/es\/wp-json\/wp\/v2\/media?parent=46967"}],"wp:term":[{"taxonomy":"category","embeddable":true,"href":"https:\/\/2023.fim-6days.com\/es\/wp-json\/wp\/v2\/categories?post=46967"},{"taxonomy":"post_tag","embeddable":true,"href":"https:\/\/2023.fim-6days.com\/es\/wp-json\/wp\/v2\/tags?post=46967"}],"curies":[{"name":"wp","href":"https:\/\/api.w.org\/{rel}","templated":true}]}}