{"id":46717,"date":"2023-02-09T15:59:18","date_gmt":"2023-02-09T14:59:18","guid":{"rendered":"https:\/\/2023.fim-6days.com\/?p=46717"},"modified":"2023-03-29T09:55:34","modified_gmt":"2023-03-29T07:55:34","slug":"informacion-general-2023","status":"publish","type":"post","link":"https:\/\/2023.fim-6days.com\/es\/informacion-general-2023\/","title":{"rendered":"Informaci\u00f3n General  2023"},"content":{"rendered":"<p><div class=\"fusion-fullwidth fullwidth-box fusion-builder-row-1 nonhundred-percent-fullwidth non-hundred-percent-height-scrolling\" style=\"--awb-border-radius-top-left:0px;--awb-border-radius-top-right:0px;--awb-border-radius-bottom-right:0px;--awb-border-radius-bottom-left:0px;--awb-padding-top:0px;--awb-margin-top:0px;--awb-flex-wrap:wrap;\" ><div class=\"fusion-builder-row fusion-row\"><div class=\"fusion-layout-column fusion_builder_column fusion-builder-column-0 fusion_builder_column_1_1 1_1 fusion-one-full fusion-column-first fusion-column-last\" style=\"--awb-bg-size:cover;--awb-margin-bottom:0px;\"><div class=\"fusion-column-wrapper fusion-flex-column-wrapper-legacy\"><div class=\"fusion-title title fusion-title-1 sep-underline sep-solid fusion-title-text fusion-title-size-five\" style=\"--awb-text-color:#24226a;\"><h5 class=\"fusion-title-heading title-heading-left fusion-responsive-typography-calculated\" style=\"margin:0;--fontSize:28;line-height:1.1;\"><p><strong>ISDE ARGENTINA 2023:<br \/>\nDESTINO SAN JUAN; UN NUEVO DESAF\u00cdO<\/strong><\/p><\/h5><\/div><div class=\"fusion-text fusion-text-1\" style=\"--awb-text-transform:none;\"><p>San Juan es sin\u00f3nimo de sol, Zonda, buen vino y desde el 2014, tambi\u00e9n es equivalente al Internacional Six Days of Enduro. Situada en la regi\u00f3n de Cuyo, la provincia que es la segunda productora vitivin\u00edcola de Argentina volver\u00e1 a recibir a la competencia FIM m\u00e1s antigua del 6 al 11 de noviembre 2023.<\/p>\n<p>La gran variedad de superficies que ofrecen las tierras sanjuaninas desafiar\u00e1, nuevamente, a los equipos que buscar\u00e1n la gloria deportiva durante los electrizantes seis d\u00edas de competencia. A su vez, los equipos podr\u00e1n tambi\u00e9n deleitarse con los bellos y majestuosos paisajes monta\u00f1osos que ostenta San Juan bajo d\u00edas a pleno sol y por qu\u00e9 no, con la presencia del Zonda, el viento t\u00edpico que sopla en la regi\u00f3n. Por su puesto, las exquisitas comidas regionales y los estupendos vinos de la regi\u00f3n deleitar\u00e1n a todas las personas que visiten esta provincia.<\/p>\n<p>San Juan espera con ansias volver a recibir a m\u00e1s de 30 naciones provenientes de los 5 continentes cuando el ISDE visite por quinta vez el continente Sudamericano y por segunda vez, a Argentina.<\/p>\n<\/div><div class=\"fusion-clearfix\"><\/div><\/div><\/div><div class=\"fusion-layout-column fusion_builder_column fusion-builder-column-1 fusion_builder_column_1_1 1_1 fusion-one-full fusion-column-first fusion-column-last\" style=\"--awb-bg-size:cover;\"><div class=\"fusion-column-wrapper fusion-column-has-shadow fusion-flex-column-wrapper-legacy\"><div class=\"fusion-title title fusion-title-2 sep-underline sep-solid fusion-title-text fusion-title-size-five\" style=\"--awb-text-color:#24226a;\"><h5 class=\"fusion-title-heading title-heading-left fusion-responsive-typography-calculated\" style=\"margin:0;--fontSize:28;line-height:1.1;\"><strong>INFORMACIONES PR\u00c1TICAS<\/strong><\/h5><\/div><div class=\"fusion-text fusion-text-2\" style=\"--awb-text-transform:none;\"><p><strong>Huso horario<br \/>\n<\/strong>Argentina utiliza en todo su territorio nacional el huso horario de GMT -3 (tres horas menos que la de Greenwich).<\/p>\n<p><strong>Idioma<br \/>\n<\/strong>El idioma oficial es el castellano (espa\u00f1ol) aunque la mayor\u00eda de las personas que tratan con turistas manejan tambi\u00e9n el ingl\u00e9s y el portugu\u00e9s.<\/p>\n<p><strong>Moneda<br \/>\n<\/strong>La moneda oficial es el Peso Argentino.<\/p>\n<p>Tipo de cambio: Por informaci\u00f3n y recomendaciones sobre el cambio de divisas, por favor contactarse con la Organizaci\u00f3n local: info@maseventos.com.ar.<\/p>\n<p><strong>Conectividad a<\/strong><strong>\u00e9<\/strong><strong>rea<br \/>\n<\/strong>Argentina cuenta con un total de 55 aeropuertos que garantizan la conectividad en todo el territorio nacional.<\/p>\n<\/div><div class=\"fusion-text fusion-text-3\" style=\"--awb-text-transform:none;\"><p><strong>Aeropuerto Internacional Ministro Pistarini (EZE)<\/strong><br \/>\nEs el m\u00e1s importante de la Argentina, ya que la gran mayor\u00eda de los vuelos internacionales en direcci\u00f3n a nuestro pa\u00eds lo tienen como destino. Est\u00e1 ubicado en la localidad de Ezeiza, a 22 km de la Ciudad Aut\u00f3noma de Buenos Aires.<br \/>\n<strong>Web:<\/strong> <a href=\"https:\/\/www.aa2000.com.ar\/ezeiza\" target=\"_blank\" rel=\"noopener\">https:\/\/www.aa2000.com.ar\/ezeiza<\/a><br \/>\n<strong>Direcci\u00f3n<\/strong>: Autopista Tte. Gral Ricchieri KM 33,5<br \/>\n<strong>Tel\u00e9fono:<\/strong> (+ 54 11) 5480 6111.<\/p>\n<p><strong>Aeroparque Jorge Newbery (AEP)<\/strong><br \/>\nUbicado en la zona noroeste de la Ciudad de Buenos Aires, a una distancia de 2 km del centro. Opera vuelos de cabotaje y vuelos internacionales a pa\u00edses regionales.<br \/>\n<strong>Web<\/strong>: <a href=\"https:\/\/www.aa2000.com.ar\/aeroparque\" target=\"_blank\" rel=\"noopener\">https:\/\/www.aa2000.com.ar\/aeroparque<\/a><br \/>\n<strong>Direcci\u00f3n:<\/strong> Av. Rafael Obligado s\/n\u00b0<br \/>\n<strong>Tel\u00e9fono:<\/strong> (+54 11) 5480 6111.<\/p>\n<p><strong>Aeropuerto San Juan (UAQ)<\/strong><br \/>\nEl aeropuerto de San Juan, Domingo Faustino Sarmiento, est\u00e1 ubicado en la localidad de Las Chacritas, a 15 km y al sureste del centro de la ciudad de San Juan. Opera con vuelos de cabotaje, fundamentalmente con Aeroparque.<br \/>\n<strong>Web:<\/strong> <a href=\"https:\/\/www.aa2000.com.ar\/sanjuan\" target=\"_blank\" rel=\"noopener\">https:\/\/www.aa2000.com.ar\/sanjuan<\/a><br \/>\n<strong>Direcci\u00f3n:<\/strong> Ruta Nacional N\u00b020, Km 12 \u2013 (5417)<br \/>\n<strong>Tel\u00e9fono<\/strong>: (+54 264) 4254133<\/p>\n<\/div><div class=\"fusion-text fusion-text-4\" style=\"--awb-text-transform:none;\"><p><strong>Clima<br \/>\n<\/strong>En Argentina predomina el clima templado. Sin embargo, su gran extensi\u00f3n supone el desarrollo de una gran diversidad clim\u00e1tica que abarca desde los climas tropicales en el noroeste; y subpolar, en el sur.<br \/>\nEn la provincia de San Juan prima un relieve monta\u00f1oso intercalado por valles y traves\u00edas bajo un clima templado seco. El viento Zonda caracteriza la regi\u00f3n: Se trata de un viento fuerte, muy seco y de elevada temperatura.<\/p>\n<\/div><div class=\"fusion-title title fusion-title-3 sep-underline sep-solid fusion-title-text fusion-title-size-five\" style=\"--awb-text-color:#24226a;\"><h5 class=\"fusion-title-heading title-heading-left fusion-responsive-typography-calculated\" style=\"margin:0;--fontSize:28;line-height:1.1;\"><strong>\u00a1IMPERDIBLES EN SAN JUAN!\u00a0<\/strong><\/h5><\/div><div class=\"fusion-text fusion-text-5\" style=\"--awb-text-transform:none;\"><p>San Juan es un territorio eminentemente monta\u00f1oso intercalado por los verdes oasis de sus valles.<\/p>\n<p>La provincia ofrece un variado abanico de paseos tur\u00edsticos con espectaculares miradores a las cimas m\u00e1s altas de los Andes, yacimientos paleontol\u00f3gicos y fabulosas reservas faun\u00edsticas con paisajes de una belleza extraordinaria. Adem\u00e1s, cuenta con testimonios de antiguas culturas ind\u00edgenas desperdigadas a lo largo de sus caminos.<\/p>\n<p>Estos son los atractivos tur\u00edsticos que no te pod\u00e9s perder:<\/p>\n<ul>\n<li>Ciudad de San Juan<\/li>\n<li>La Ruta del Vino<\/li>\n<li>El Parque Natural Provincial Ischigualasto: Patrimonio de la Humanidad<\/li>\n<li>Del\u00e9itate con las comidas y sabores regionales<\/li>\n<li>Fiesta Nacional del Sol (en el mes de Febrero)<\/li>\n<\/ul>\n<\/div><div class=\"fusion-text fusion-text-6\" style=\"--awb-text-transform:none;\"><p><strong>#VisitArgentina<\/strong><\/p>\n<p>Ubicada en el hemisferio sur del continente americano, Argentina es un pa\u00eds rico en paisajes naturales, cultura y gastronom\u00eda.<\/p>\n<p>Con seis regiones tur\u00edsticas bien definidas y una superficie de 3.761.274 km2, Argentina es uno de los pa\u00edses m\u00e1s grandes del mundo que posee una gran cantidad de atractivos tur\u00edsticos gracias a la belleza aut\u00f3ctona que posee su territorio.<\/p>\n<p>De norte a sur, de la Quiaca a Ushuaia; o bien, desde la imponente Cordillera de los Andes a la Costa Atl\u00e1ntica, Argentina ofrece una gran variedad de relieves, magn\u00edficos paisajes y diversos climas que dan como resultado m\u00faltiples opciones para visitar este pa\u00eds durante todo el a\u00f1o.<\/p>\n<p>La Ciudad de Buenos Aires, especialmente linda en primavera con sus jacarand\u00e1s en flor, con un estilo arquitect\u00f3nico \u00fanico y una valiosa oferta cultural; las majestuosas Cataratas del Iguaz\u00fa en la provincia de Misiones; el imponente Glaciar Perito Moreno en plena Patagonia; la Quebrada de Humahuaca y los coloridos cerros en el noroeste del pa\u00eds, as\u00ed como la vasta regi\u00f3n de vi\u00f1edos en la regi\u00f3n de Cuyo son solo algunas de las atractivas alternativas que ofrece Argentina.<\/p>\n<p>Para\u00edsos silvestres, una excelente gastronom\u00eda (entre los destacados platos t\u00edpicos se pueden mencionar las empanadas, el locro o el asado); tango y una variada oferta cultural&#8230;Pero Argentina es tambi\u00e9n sin\u00f3nimo de una pasi\u00f3n especial por el deporte. Un pa\u00eds que respira futbol y deporte motor. Por supuesto, el Enduro, no es la excepci\u00f3n.<\/p>\n<\/div><div class=\"fusion-title title fusion-title-4 sep-underline sep-solid fusion-title-text fusion-title-size-five\" style=\"--awb-text-color:#24226a;\"><h5 class=\"fusion-title-heading title-heading-left fusion-responsive-typography-calculated\" style=\"margin:0;--fontSize:28;line-height:1.1;\"><strong>AGENCIA DE VIAJES OFICIAL: ALTAMARCA VIAJES<\/strong><\/h5><\/div><div class=\"fusion-text fusion-text-7\" style=\"--awb-text-transform:none;\"><p>San Juan ofrece una gran variedad de oferta hotelera para que los visitantes disfruten de su estad\u00eda.<br \/>\nPara m\u00e1s informaci\u00f3n y soluciones para su alojamiento, as\u00ed como alquileres de veh\u00edculos y\/o sugerencias sobre excursiones puede contactarse con la agencia de viajes oficial: Altamarca Viajes<strong>\u00a0<\/strong><\/p>\n<p><strong>Sabrina CALAMARA<br \/>\n<\/strong><strong>E-mail: <\/strong>sabrina@altamarca.eu<br \/>\n<strong>Tel\u00e9fono: <\/strong>+54 911 3017-4593<\/p>\n<p>Para m\u00e1s informaci\u00f3n sobre San Juan, tambi\u00e9n es posible visitar su p\u00e1gina web oficial: <a href=\"https:\/\/www.sanjuan.tur.ar\">https:\/\/www.sanjuan.tur.ar<\/a><\/p>\n<\/div><div class=\"fusion-clearfix\"><\/div><\/div><\/div><\/div><\/div><div class=\"fusion-fullwidth fullwidth-box fusion-builder-row-2 nonhundred-percent-fullwidth non-hundred-percent-height-scrolling\" style=\"--awb-border-radius-top-left:0px;--awb-border-radius-top-right:0px;--awb-border-radius-bottom-right:0px;--awb-border-radius-bottom-left:0px;--awb-flex-wrap:wrap;\" ><div class=\"fusion-builder-row fusion-row\"><div class=\"fusion-layout-column fusion_builder_column fusion-builder-column-2 fusion_builder_column_4_5 4_5 fusion-four-fifth fusion-column-first\" style=\"--awb-bg-size:cover;width:80%;width:calc(80% - ( ( 4% ) * 0.8 ) );margin-right: 4%;\"><div class=\"fusion-column-wrapper fusion-column-has-shadow fusion-flex-column-wrapper-legacy\"><div class=\"fusion-clearfix\"><\/div><\/div><\/div><div class=\"fusion-layout-column fusion_builder_column fusion-builder-column-3 fusion_builder_column_1_5 1_5 fusion-one-fifth fusion-column-last\" style=\"--awb-bg-size:cover;width:20%;width:calc(20% - ( ( 4% ) * 0.2 ) );\"><div class=\"fusion-column-wrapper fusion-column-has-shadow fusion-flex-column-wrapper-legacy\"><div class=\"fusion-clearfix\"><\/div><\/div><\/div><\/div><\/div><\/p>\n","protected":false},"excerpt":{"rendered":"","protected":false},"author":4,"featured_media":0,"comment_status":"open","ping_status":"open","sticky":false,"template":"","format":"standard","meta":{"inline_featured_image":false,"footnotes":""},"categories":[129],"tags":[],"class_list":["post-46717","post","type-post","status-publish","format-standard","hentry","category-info-2"],"yoast_head":"<!-- This site is optimized with the Yoast SEO plugin v25.6 - https:\/\/yoast.com\/wordpress\/plugins\/seo\/ -->\n<title>Informaci\u00f3n General 2023 - FIM ISDE 2023<\/title>\n<meta name=\"description\" content=\"The FIM International Six Days of Enduro, the 6 Days, return to the territory that saw the birth of enduro in France, the Haute-Loire department, in the heart of the Auvergne-Rh\u00f4ne-Alpes region, 42 years after the 1980 edition in Brioude.\" \/>\n<meta name=\"robots\" content=\"index, follow, max-snippet:-1, max-image-preview:large, max-video-preview:-1\" \/>\n<link rel=\"canonical\" href=\"https:\/\/2023.fim-6days.com\/es\/informacion-general-2023\/\" \/>\n<meta property=\"og:locale\" content=\"es_ES\" \/>\n<meta property=\"og:type\" content=\"article\" \/>\n<meta property=\"og:title\" content=\"Informaci\u00f3n General 2023 - FIM ISDE 2023\" \/>\n<meta property=\"og:description\" content=\"The FIM International Six Days of Enduro, the 6 Days, return to the territory that saw the birth of enduro in France, the Haute-Loire department, in the heart of the Auvergne-Rh\u00f4ne-Alpes region, 42 years after the 1980 edition in Brioude.\" \/>\n<meta property=\"og:url\" content=\"https:\/\/2023.fim-6days.com\/es\/informacion-general-2023\/\" \/>\n<meta property=\"og:site_name\" content=\"FIM ISDE 2023\" \/>\n<meta property=\"article:publisher\" content=\"https:\/\/www.facebook.com\/FIMISDE\/\" \/>\n<meta property=\"article:published_time\" content=\"2023-02-09T14:59:18+00:00\" \/>\n<meta property=\"article:modified_time\" content=\"2023-03-29T07:55:34+00:00\" \/>\n<meta name=\"author\" content=\"karinea\" \/>\n<meta name=\"twitter:card\" content=\"summary_large_image\" \/>\n<meta name=\"twitter:creator\" content=\"@fimisde\" \/>\n<meta name=\"twitter:site\" content=\"@fimisde\" \/>\n<meta name=\"twitter:label1\" content=\"Escrito por\" \/>\n\t<meta name=\"twitter:data1\" content=\"karinea\" \/>\n\t<meta name=\"twitter:label2\" content=\"Tiempo de lectura\" \/>\n\t<meta name=\"twitter:data2\" content=\"9 minutos\" \/>\n<script type=\"application\/ld+json\" class=\"yoast-schema-graph\">{\"@context\":\"https:\/\/schema.org\",\"@graph\":[{\"@type\":\"Article\",\"@id\":\"https:\/\/2023.fim-6days.com\/es\/informacion-general-2023\/#article\",\"isPartOf\":{\"@id\":\"https:\/\/2023.fim-6days.com\/es\/informacion-general-2023\/\"},\"author\":{\"name\":\"karinea\",\"@id\":\"https:\/\/2023.fim-6days.com\/#\/schema\/person\/bcf4ff642b8d622c689a6eb754f673d3\"},\"headline\":\"Informaci\u00f3n General 2023\",\"datePublished\":\"2023-02-09T14:59:18+00:00\",\"dateModified\":\"2023-03-29T07:55:34+00:00\",\"mainEntityOfPage\":{\"@id\":\"https:\/\/2023.fim-6days.com\/es\/informacion-general-2023\/\"},\"wordCount\":3447,\"commentCount\":0,\"publisher\":{\"@id\":\"https:\/\/2023.fim-6days.com\/#organization\"},\"articleSection\":[\"info\"],\"inLanguage\":\"es\",\"potentialAction\":[{\"@type\":\"CommentAction\",\"name\":\"Comment\",\"target\":[\"https:\/\/2023.fim-6days.com\/es\/informacion-general-2023\/#respond\"]}]},{\"@type\":\"WebPage\",\"@id\":\"https:\/\/2023.fim-6days.com\/es\/informacion-general-2023\/\",\"url\":\"https:\/\/2023.fim-6days.com\/es\/informacion-general-2023\/\",\"name\":\"Informaci\u00f3n General 2023 - FIM ISDE 2023\",\"isPartOf\":{\"@id\":\"https:\/\/2023.fim-6days.com\/#website\"},\"datePublished\":\"2023-02-09T14:59:18+00:00\",\"dateModified\":\"2023-03-29T07:55:34+00:00\",\"description\":\"The FIM International Six Days of Enduro, the 6 Days, return to the territory that saw the birth of enduro in France, the Haute-Loire department, in the heart of the Auvergne-Rh\u00f4ne-Alpes region, 42 years after the 1980 edition in Brioude.\",\"breadcrumb\":{\"@id\":\"https:\/\/2023.fim-6days.com\/es\/informacion-general-2023\/#breadcrumb\"},\"inLanguage\":\"es\",\"potentialAction\":[{\"@type\":\"ReadAction\",\"target\":[\"https:\/\/2023.fim-6days.com\/es\/informacion-general-2023\/\"]}]},{\"@type\":\"BreadcrumbList\",\"@id\":\"https:\/\/2023.fim-6days.com\/es\/informacion-general-2023\/#breadcrumb\",\"itemListElement\":[{\"@type\":\"ListItem\",\"position\":1,\"name\":\"Home\",\"item\":\"https:\/\/2023.fim-6days.com\/es\/\"},{\"@type\":\"ListItem\",\"position\":2,\"name\":\"Informaci\u00f3n General 2023\"}]},{\"@type\":\"WebSite\",\"@id\":\"https:\/\/2023.fim-6days.com\/#website\",\"url\":\"https:\/\/2023.fim-6days.com\/\",\"name\":\"FIM ISDE 2021\",\"description\":\"FIM ISDE Official website\",\"publisher\":{\"@id\":\"https:\/\/2023.fim-6days.com\/#organization\"},\"potentialAction\":[{\"@type\":\"SearchAction\",\"target\":{\"@type\":\"EntryPoint\",\"urlTemplate\":\"https:\/\/2023.fim-6days.com\/?s={search_term_string}\"},\"query-input\":{\"@type\":\"PropertyValueSpecification\",\"valueRequired\":true,\"valueName\":\"search_term_string\"}}],\"inLanguage\":\"es\"},{\"@type\":\"Organization\",\"@id\":\"https:\/\/2023.fim-6days.com\/#organization\",\"name\":\"FIM - F\u00e9d\u00e9ration Internationale de Motocyclisme\",\"url\":\"https:\/\/2023.fim-6days.com\/\",\"logo\":{\"@type\":\"ImageObject\",\"inLanguage\":\"es\",\"@id\":\"https:\/\/2023.fim-6days.com\/#\/schema\/logo\/image\/\",\"url\":\"https:\/\/2023.fim-6days.com\/wp-content\/uploads\/sites\/8\/2019\/07\/LogoFIM-CMYK.png\",\"contentUrl\":\"https:\/\/2023.fim-6days.com\/wp-content\/uploads\/sites\/8\/2019\/07\/LogoFIM-CMYK.png\",\"width\":2608,\"height\":1833,\"caption\":\"FIM - F\u00e9d\u00e9ration Internationale de Motocyclisme\"},\"image\":{\"@id\":\"https:\/\/2023.fim-6days.com\/#\/schema\/logo\/image\/\"},\"sameAs\":[\"https:\/\/www.facebook.com\/FIMISDE\/\",\"https:\/\/x.com\/fimisde\",\"https:\/\/www.instagram.com\/fim_isde\/\"]},{\"@type\":\"Person\",\"@id\":\"https:\/\/2023.fim-6days.com\/#\/schema\/person\/bcf4ff642b8d622c689a6eb754f673d3\",\"name\":\"karinea\",\"image\":{\"@type\":\"ImageObject\",\"inLanguage\":\"es\",\"@id\":\"https:\/\/2023.fim-6days.com\/#\/schema\/person\/image\/\",\"url\":\"https:\/\/secure.gravatar.com\/avatar\/2f99c39cea2cbbb4f521dcc577a5b8981ed563188abba9c20bd62c0d2bd4abca?s=96&d=mm&r=g\",\"contentUrl\":\"https:\/\/secure.gravatar.com\/avatar\/2f99c39cea2cbbb4f521dcc577a5b8981ed563188abba9c20bd62c0d2bd4abca?s=96&d=mm&r=g\",\"caption\":\"karinea\"},\"url\":\"https:\/\/2023.fim-6days.com\/es\/author\/karinea\/\"}]}<\/script>\n<!-- \/ Yoast SEO plugin. -->","yoast_head_json":{"title":"Informaci\u00f3n General 2023 - FIM ISDE 2023","description":"The FIM International Six Days of Enduro, the 6 Days, return to the territory that saw the birth of enduro in France, the Haute-Loire department, in the heart of the Auvergne-Rh\u00f4ne-Alpes region, 42 years after the 1980 edition in Brioude.","robots":{"index":"index","follow":"follow","max-snippet":"max-snippet:-1","max-image-preview":"max-image-preview:large","max-video-preview":"max-video-preview:-1"},"canonical":"https:\/\/2023.fim-6days.com\/es\/informacion-general-2023\/","og_locale":"es_ES","og_type":"article","og_title":"Informaci\u00f3n General 2023 - FIM ISDE 2023","og_description":"The FIM International Six Days of Enduro, the 6 Days, return to the territory that saw the birth of enduro in France, the Haute-Loire department, in the heart of the Auvergne-Rh\u00f4ne-Alpes region, 42 years after the 1980 edition in Brioude.","og_url":"https:\/\/2023.fim-6days.com\/es\/informacion-general-2023\/","og_site_name":"FIM ISDE 2023","article_publisher":"https:\/\/www.facebook.com\/FIMISDE\/","article_published_time":"2023-02-09T14:59:18+00:00","article_modified_time":"2023-03-29T07:55:34+00:00","author":"karinea","twitter_card":"summary_large_image","twitter_creator":"@fimisde","twitter_site":"@fimisde","twitter_misc":{"Escrito por":"karinea","Tiempo de lectura":"9 minutos"},"schema":{"@context":"https:\/\/schema.org","@graph":[{"@type":"Article","@id":"https:\/\/2023.fim-6days.com\/es\/informacion-general-2023\/#article","isPartOf":{"@id":"https:\/\/2023.fim-6days.com\/es\/informacion-general-2023\/"},"author":{"name":"karinea","@id":"https:\/\/2023.fim-6days.com\/#\/schema\/person\/bcf4ff642b8d622c689a6eb754f673d3"},"headline":"Informaci\u00f3n General 2023","datePublished":"2023-02-09T14:59:18+00:00","dateModified":"2023-03-29T07:55:34+00:00","mainEntityOfPage":{"@id":"https:\/\/2023.fim-6days.com\/es\/informacion-general-2023\/"},"wordCount":3447,"commentCount":0,"publisher":{"@id":"https:\/\/2023.fim-6days.com\/#organization"},"articleSection":["info"],"inLanguage":"es","potentialAction":[{"@type":"CommentAction","name":"Comment","target":["https:\/\/2023.fim-6days.com\/es\/informacion-general-2023\/#respond"]}]},{"@type":"WebPage","@id":"https:\/\/2023.fim-6days.com\/es\/informacion-general-2023\/","url":"https:\/\/2023.fim-6days.com\/es\/informacion-general-2023\/","name":"Informaci\u00f3n General 2023 - FIM ISDE 2023","isPartOf":{"@id":"https:\/\/2023.fim-6days.com\/#website"},"datePublished":"2023-02-09T14:59:18+00:00","dateModified":"2023-03-29T07:55:34+00:00","description":"The FIM International Six Days of Enduro, the 6 Days, return to the territory that saw the birth of enduro in France, the Haute-Loire department, in the heart of the Auvergne-Rh\u00f4ne-Alpes region, 42 years after the 1980 edition in Brioude.","breadcrumb":{"@id":"https:\/\/2023.fim-6days.com\/es\/informacion-general-2023\/#breadcrumb"},"inLanguage":"es","potentialAction":[{"@type":"ReadAction","target":["https:\/\/2023.fim-6days.com\/es\/informacion-general-2023\/"]}]},{"@type":"BreadcrumbList","@id":"https:\/\/2023.fim-6days.com\/es\/informacion-general-2023\/#breadcrumb","itemListElement":[{"@type":"ListItem","position":1,"name":"Home","item":"https:\/\/2023.fim-6days.com\/es\/"},{"@type":"ListItem","position":2,"name":"Informaci\u00f3n General 2023"}]},{"@type":"WebSite","@id":"https:\/\/2023.fim-6days.com\/#website","url":"https:\/\/2023.fim-6days.com\/","name":"FIM ISDE 2021","description":"FIM ISDE Official website","publisher":{"@id":"https:\/\/2023.fim-6days.com\/#organization"},"potentialAction":[{"@type":"SearchAction","target":{"@type":"EntryPoint","urlTemplate":"https:\/\/2023.fim-6days.com\/?s={search_term_string}"},"query-input":{"@type":"PropertyValueSpecification","valueRequired":true,"valueName":"search_term_string"}}],"inLanguage":"es"},{"@type":"Organization","@id":"https:\/\/2023.fim-6days.com\/#organization","name":"FIM - F\u00e9d\u00e9ration Internationale de Motocyclisme","url":"https:\/\/2023.fim-6days.com\/","logo":{"@type":"ImageObject","inLanguage":"es","@id":"https:\/\/2023.fim-6days.com\/#\/schema\/logo\/image\/","url":"https:\/\/2023.fim-6days.com\/wp-content\/uploads\/sites\/8\/2019\/07\/LogoFIM-CMYK.png","contentUrl":"https:\/\/2023.fim-6days.com\/wp-content\/uploads\/sites\/8\/2019\/07\/LogoFIM-CMYK.png","width":2608,"height":1833,"caption":"FIM - F\u00e9d\u00e9ration Internationale de Motocyclisme"},"image":{"@id":"https:\/\/2023.fim-6days.com\/#\/schema\/logo\/image\/"},"sameAs":["https:\/\/www.facebook.com\/FIMISDE\/","https:\/\/x.com\/fimisde","https:\/\/www.instagram.com\/fim_isde\/"]},{"@type":"Person","@id":"https:\/\/2023.fim-6days.com\/#\/schema\/person\/bcf4ff642b8d622c689a6eb754f673d3","name":"karinea","image":{"@type":"ImageObject","inLanguage":"es","@id":"https:\/\/2023.fim-6days.com\/#\/schema\/person\/image\/","url":"https:\/\/secure.gravatar.com\/avatar\/2f99c39cea2cbbb4f521dcc577a5b8981ed563188abba9c20bd62c0d2bd4abca?s=96&d=mm&r=g","contentUrl":"https:\/\/secure.gravatar.com\/avatar\/2f99c39cea2cbbb4f521dcc577a5b8981ed563188abba9c20bd62c0d2bd4abca?s=96&d=mm&r=g","caption":"karinea"},"url":"https:\/\/2023.fim-6days.com\/es\/author\/karinea\/"}]}},"_links":{"self":[{"href":"https:\/\/2023.fim-6days.com\/es\/wp-json\/wp\/v2\/posts\/46717","targetHints":{"allow":["GET"]}}],"collection":[{"href":"https:\/\/2023.fim-6days.com\/es\/wp-json\/wp\/v2\/posts"}],"about":[{"href":"https:\/\/2023.fim-6days.com\/es\/wp-json\/wp\/v2\/types\/post"}],"author":[{"embeddable":true,"href":"https:\/\/2023.fim-6days.com\/es\/wp-json\/wp\/v2\/users\/4"}],"replies":[{"embeddable":true,"href":"https:\/\/2023.fim-6days.com\/es\/wp-json\/wp\/v2\/comments?post=46717"}],"version-history":[{"count":4,"href":"https:\/\/2023.fim-6days.com\/es\/wp-json\/wp\/v2\/posts\/46717\/revisions"}],"predecessor-version":[{"id":46820,"href":"https:\/\/2023.fim-6days.com\/es\/wp-json\/wp\/v2\/posts\/46717\/revisions\/46820"}],"wp:attachment":[{"href":"https:\/\/2023.fim-6days.com\/es\/wp-json\/wp\/v2\/media?parent=46717"}],"wp:term":[{"taxonomy":"category","embeddable":true,"href":"https:\/\/2023.fim-6days.com\/es\/wp-json\/wp\/v2\/categories?post=46717"},{"taxonomy":"post_tag","embeddable":true,"href":"https:\/\/2023.fim-6days.com\/es\/wp-json\/wp\/v2\/tags?post=46717"}],"curies":[{"name":"wp","href":"https:\/\/api.w.org\/{rel}","templated":true}]}}